{"id":76591,"date":"2018-09-10T09:59:47","date_gmt":"2018-09-10T07:59:47","guid":{"rendered":"https:\/\/2024.kyrya.es\/kyrya-group-dans-le-journal-heraldo-de-aragon\/"},"modified":"2018-09-10T09:59:47","modified_gmt":"2018-09-10T07:59:47","slug":"kyrya-group-dans-le-journal-heraldo-de-aragon","status":"publish","type":"post","link":"https:\/\/kyrya.es\/fr\/kyrya-group-dans-le-journal-heraldo-de-aragon\/","title":{"rendered":"Kyrya Group dans le journal Heraldo de Arag\u00f3n"},"content":{"rendered":"<div id=\"ember6073\" class=\"feed-shared-update__description feed-shared-inline-show-more-text feed-shared-inline-show-more-text--expanded ember-view\">\n<div id=\"ember6074\" class=\"feed-shared-update-v2__commentary feed-shared-text ember-view\" dir=\"ltr\">\n<div id=\"ember6075\" class=\"feed-shared-text__text-view feed-shared-text-view white-space-pre-wrap break-words ember-view\"><span aria-hidden=\"false\">Le journal <strong>Heraldo de Arag\u00f3n<\/strong> a publi\u00e9 une interview de <strong>Fernando Zubiaur, directeur du marketing et des exportations de Kyrya<\/strong>, dans laquelle il parle de nos meubles de salle de bains, de ce qui les rend sp\u00e9ciaux, de notre trajectoire et de nos projets futurs, parmi de nombreux autres sujets. Nous sommes heureux de le partager avec vous, et nous vous invitons \u00e0 le lire <a href=\"https:\/\/kyrya.es\/wp-content\/uploads\/Kyrya2.png\" target=\"_blank\" rel=\"noopener noreferrer\" data-lbwps-width=\"1517\" data-lbwps-height=\"1188\" data-lbwps-srcsmall=\"https:\/\/kyrya.es\/wp-content\/uploads\/Kyrya2-400x313.png\">ci-dessous<\/a>.<\/span><\/div>\n<div><span style=\"font-size: 1rem;\">Nous tenons \u00e9galement \u00e0 remercier le Herald de compter sur nous et de nous consacrer un espace entre ses pages.<\/span><\/div>\n<\/div>\n<\/div>\n<div id=\"ember6078\" class=\"mt2 feed-shared-image ember-view\">\n<div class=\"feed-shared-image__container\"><\/div>\n<\/div>\n","protected":false},"excerpt":{"rendered":"<p>Le journal Heraldo de Arag\u00f3n a publi\u00e9 une interview de Fernando Zubiaur, directeur du marketing et des exportations de Kyrya, dans laquelle il parle de nos meubles de salle de [&#8230;]<\/p>\n","protected":false},"author":3,"featured_media":10844,"comment_status":"closed","ping_status":"closed","sticky":false,"template":"","format":"standard","meta":{"_acf_changed":false,"inline_featured_image":false,"footnotes":""},"categories":[114],"tags":[],"class_list":["post-76591","post","type-post","status-publish","format-standard","has-post-thumbnail","hentry","category-main-fr"],"acf":[],"yoast_head":"<!-- This site is optimized with the Yoast SEO plugin v27.5 - https:\/\/yoast.com\/product\/yoast-seo-wordpress\/ -->\n<title>Kyrya Group dans le journal Heraldo de Arag\u00f3n - Kyrya<\/title>\n<meta name=\"description\" content=\"Le journal Heraldo de Arag\u00f3n a publi\u00e9 une interview de Fernando Zubiaur, directeur du marketing et des exportations de Kyrya, dans laquelle il parle de\" \/>\n<meta name=\"robots\" content=\"index, follow, max-snippet:-1, max-image-preview:large, max-video-preview:-1\" \/>\n<link rel=\"canonical\" href=\"https:\/\/kyrya.es\/fr\/kyrya-group-dans-le-journal-heraldo-de-aragon\/\" \/>\n<meta property=\"og:locale\" content=\"fr_FR\" \/>\n<meta property=\"og:type\" content=\"article\" \/>\n<meta property=\"og:title\" content=\"Kyrya Group dans le journal Heraldo de Arag\u00f3n - Kyrya\" \/>\n<meta property=\"og:description\" content=\"Le journal Heraldo de Arag\u00f3n a publi\u00e9 une interview de Fernando Zubiaur, directeur du marketing et des exportations de Kyrya, dans laquelle il parle de\" \/>\n<meta property=\"og:url\" content=\"https:\/\/kyrya.es\/fr\/kyrya-group-dans-le-journal-heraldo-de-aragon\/\" \/>\n<meta property=\"og:site_name\" content=\"Kyrya\" \/>\n<meta property=\"article:publisher\" content=\"https:\/\/www.facebook.com\/kyrya.es\" \/>\n<meta property=\"article:published_time\" content=\"2018-09-10T07:59:47+00:00\" \/>\n<meta property=\"og:image\" content=\"https:\/\/kyrya.es\/wp-content\/uploads\/Kyrya2_w.jpg\" \/>\n\t<meta property=\"og:image:width\" content=\"800\" \/>\n\t<meta property=\"og:image:height\" content=\"626\" \/>\n\t<meta property=\"og:image:type\" content=\"image\/jpeg\" \/>\n<meta name=\"author\" content=\"Chema Ichaso\" \/>\n<meta name=\"twitter:card\" content=\"summary_large_image\" \/>\n<meta name=\"twitter:label1\" content=\"\u00c9crit par\" \/>\n\t<meta name=\"twitter:data1\" content=\"Chema Ichaso\" \/>\n<script type=\"application\/ld+json\" class=\"yoast-schema-graph\">{\"@context\":\"https:\\\/\\\/schema.org\",\"@graph\":[{\"@type\":\"Article\",\"@id\":\"https:\\\/\\\/kyrya.es\\\/fr\\\/kyrya-group-dans-le-journal-heraldo-de-aragon\\\/#article\",\"isPartOf\":{\"@id\":\"https:\\\/\\\/kyrya.es\\\/fr\\\/kyrya-group-dans-le-journal-heraldo-de-aragon\\\/\"},\"author\":{\"name\":\"Chema Ichaso\",\"@id\":\"https:\\\/\\\/kyrya.es\\\/#\\\/schema\\\/person\\\/c5551814ec46a7369b22fd0777f50a6b\"},\"headline\":\"Kyrya Group dans le journal Heraldo de Arag\u00f3n\",\"datePublished\":\"2018-09-10T07:59:47+00:00\",\"mainEntityOfPage\":{\"@id\":\"https:\\\/\\\/kyrya.es\\\/fr\\\/kyrya-group-dans-le-journal-heraldo-de-aragon\\\/\"},\"wordCount\":95,\"publisher\":{\"@id\":\"https:\\\/\\\/kyrya.es\\\/#organization\"},\"image\":{\"@id\":\"https:\\\/\\\/kyrya.es\\\/fr\\\/kyrya-group-dans-le-journal-heraldo-de-aragon\\\/#primaryimage\"},\"thumbnailUrl\":\"https:\\\/\\\/kyrya.es\\\/wp-content\\\/uploads\\\/Kyrya2_w.jpg\",\"articleSection\":[\"Main\"],\"inLanguage\":\"fr-FR\"},{\"@type\":\"WebPage\",\"@id\":\"https:\\\/\\\/kyrya.es\\\/fr\\\/kyrya-group-dans-le-journal-heraldo-de-aragon\\\/\",\"url\":\"https:\\\/\\\/kyrya.es\\\/fr\\\/kyrya-group-dans-le-journal-heraldo-de-aragon\\\/\",\"name\":\"Kyrya Group dans le journal Heraldo de Arag\u00f3n - Kyrya\",\"isPartOf\":{\"@id\":\"https:\\\/\\\/kyrya.es\\\/#website\"},\"primaryImageOfPage\":{\"@id\":\"https:\\\/\\\/kyrya.es\\\/fr\\\/kyrya-group-dans-le-journal-heraldo-de-aragon\\\/#primaryimage\"},\"image\":{\"@id\":\"https:\\\/\\\/kyrya.es\\\/fr\\\/kyrya-group-dans-le-journal-heraldo-de-aragon\\\/#primaryimage\"},\"thumbnailUrl\":\"https:\\\/\\\/kyrya.es\\\/wp-content\\\/uploads\\\/Kyrya2_w.jpg\",\"datePublished\":\"2018-09-10T07:59:47+00:00\",\"description\":\"Le journal Heraldo de Arag\u00f3n a publi\u00e9 une interview de Fernando Zubiaur, directeur du marketing et des exportations de Kyrya, dans laquelle il parle de\",\"breadcrumb\":{\"@id\":\"https:\\\/\\\/kyrya.es\\\/fr\\\/kyrya-group-dans-le-journal-heraldo-de-aragon\\\/#breadcrumb\"},\"inLanguage\":\"fr-FR\",\"potentialAction\":[{\"@type\":\"ReadAction\",\"target\":[\"https:\\\/\\\/kyrya.es\\\/fr\\\/kyrya-group-dans-le-journal-heraldo-de-aragon\\\/\"]}]},{\"@type\":\"ImageObject\",\"inLanguage\":\"fr-FR\",\"@id\":\"https:\\\/\\\/kyrya.es\\\/fr\\\/kyrya-group-dans-le-journal-heraldo-de-aragon\\\/#primaryimage\",\"url\":\"https:\\\/\\\/kyrya.es\\\/wp-content\\\/uploads\\\/Kyrya2_w.jpg\",\"contentUrl\":\"https:\\\/\\\/kyrya.es\\\/wp-content\\\/uploads\\\/Kyrya2_w.jpg\",\"width\":800,\"height\":626},{\"@type\":\"BreadcrumbList\",\"@id\":\"https:\\\/\\\/kyrya.es\\\/fr\\\/kyrya-group-dans-le-journal-heraldo-de-aragon\\\/#breadcrumb\",\"itemListElement\":[{\"@type\":\"ListItem\",\"position\":1,\"name\":\"Kyrya\",\"item\":\"https:\\\/\\\/kyrya.es\\\/fr\\\/\"},{\"@type\":\"ListItem\",\"position\":2,\"name\":\"Kyrya Group dans le journal Heraldo de Arag\u00f3n\"}]},{\"@type\":\"WebSite\",\"@id\":\"https:\\\/\\\/kyrya.es\\\/#website\",\"url\":\"https:\\\/\\\/kyrya.es\\\/\",\"name\":\"Kyrya\",\"description\":\"Mobiliario de ba\u00f1o a medida\",\"publisher\":{\"@id\":\"https:\\\/\\\/kyrya.es\\\/#organization\"},\"potentialAction\":[{\"@type\":\"SearchAction\",\"target\":{\"@type\":\"EntryPoint\",\"urlTemplate\":\"https:\\\/\\\/kyrya.es\\\/?s={search_term_string}\"},\"query-input\":{\"@type\":\"PropertyValueSpecification\",\"valueRequired\":true,\"valueName\":\"search_term_string\"}}],\"inLanguage\":\"fr-FR\"},{\"@type\":\"Organization\",\"@id\":\"https:\\\/\\\/kyrya.es\\\/#organization\",\"name\":\"Kyrya\",\"url\":\"https:\\\/\\\/kyrya.es\\\/\",\"logo\":{\"@type\":\"ImageObject\",\"inLanguage\":\"fr-FR\",\"@id\":\"https:\\\/\\\/kyrya.es\\\/#\\\/schema\\\/logo\\\/image\\\/\",\"url\":\"https:\\\/\\\/kyrya.es\\\/wp-content\\\/uploads\\\/logo-kyrya.svg\",\"contentUrl\":\"https:\\\/\\\/kyrya.es\\\/wp-content\\\/uploads\\\/logo-kyrya.svg\",\"width\":\"1280\",\"height\":\"900\",\"caption\":\"Kyrya\"},\"image\":{\"@id\":\"https:\\\/\\\/kyrya.es\\\/#\\\/schema\\\/logo\\\/image\\\/\"},\"sameAs\":[\"https:\\\/\\\/www.facebook.com\\\/kyrya.es\",\"https:\\\/\\\/www.instagram.com\\\/kyrya.es\\\/\",\"https:\\\/\\\/www.linkedin.com\\\/company\\\/kyrya\\\/\",\"https:\\\/\\\/es.pinterest.com\\\/kyrya_es\\\/\"]},{\"@type\":\"Person\",\"@id\":\"https:\\\/\\\/kyrya.es\\\/#\\\/schema\\\/person\\\/c5551814ec46a7369b22fd0777f50a6b\",\"name\":\"Chema Ichaso\",\"image\":{\"@type\":\"ImageObject\",\"inLanguage\":\"fr-FR\",\"@id\":\"https:\\\/\\\/secure.gravatar.com\\\/avatar\\\/52b13a31d3d1870d167c450fdedc1e3f118b5fda06f5e5564975585b1a89a5a7?s=96&d=mm&r=g\",\"url\":\"https:\\\/\\\/secure.gravatar.com\\\/avatar\\\/52b13a31d3d1870d167c450fdedc1e3f118b5fda06f5e5564975585b1a89a5a7?s=96&d=mm&r=g\",\"contentUrl\":\"https:\\\/\\\/secure.gravatar.com\\\/avatar\\\/52b13a31d3d1870d167c450fdedc1e3f118b5fda06f5e5564975585b1a89a5a7?s=96&d=mm&r=g\",\"caption\":\"Chema Ichaso\"}}]}<\/script>\n<!-- \/ Yoast SEO plugin. -->","yoast_head_json":{"title":"Kyrya Group dans le journal Heraldo de Arag\u00f3n - Kyrya","description":"Le journal Heraldo de Arag\u00f3n a publi\u00e9 une interview de Fernando Zubiaur, directeur du marketing et des exportations de Kyrya, dans laquelle il parle de","robots":{"index":"index","follow":"follow","max-snippet":"max-snippet:-1","max-image-preview":"max-image-preview:large","max-video-preview":"max-video-preview:-1"},"canonical":"https:\/\/kyrya.es\/fr\/kyrya-group-dans-le-journal-heraldo-de-aragon\/","og_locale":"fr_FR","og_type":"article","og_title":"Kyrya Group dans le journal Heraldo de Arag\u00f3n - Kyrya","og_description":"Le journal Heraldo de Arag\u00f3n a publi\u00e9 une interview de Fernando Zubiaur, directeur du marketing et des exportations de Kyrya, dans laquelle il parle de","og_url":"https:\/\/kyrya.es\/fr\/kyrya-group-dans-le-journal-heraldo-de-aragon\/","og_site_name":"Kyrya","article_publisher":"https:\/\/www.facebook.com\/kyrya.es","article_published_time":"2018-09-10T07:59:47+00:00","og_image":[{"width":800,"height":626,"url":"https:\/\/kyrya.es\/wp-content\/uploads\/Kyrya2_w.jpg","type":"image\/jpeg"}],"author":"Chema Ichaso","twitter_card":"summary_large_image","twitter_misc":{"\u00c9crit par":"Chema Ichaso"},"schema":{"@context":"https:\/\/schema.org","@graph":[{"@type":"Article","@id":"https:\/\/kyrya.es\/fr\/kyrya-group-dans-le-journal-heraldo-de-aragon\/#article","isPartOf":{"@id":"https:\/\/kyrya.es\/fr\/kyrya-group-dans-le-journal-heraldo-de-aragon\/"},"author":{"name":"Chema Ichaso","@id":"https:\/\/kyrya.es\/#\/schema\/person\/c5551814ec46a7369b22fd0777f50a6b"},"headline":"Kyrya Group dans le journal Heraldo de Arag\u00f3n","datePublished":"2018-09-10T07:59:47+00:00","mainEntityOfPage":{"@id":"https:\/\/kyrya.es\/fr\/kyrya-group-dans-le-journal-heraldo-de-aragon\/"},"wordCount":95,"publisher":{"@id":"https:\/\/kyrya.es\/#organization"},"image":{"@id":"https:\/\/kyrya.es\/fr\/kyrya-group-dans-le-journal-heraldo-de-aragon\/#primaryimage"},"thumbnailUrl":"https:\/\/kyrya.es\/wp-content\/uploads\/Kyrya2_w.jpg","articleSection":["Main"],"inLanguage":"fr-FR"},{"@type":"WebPage","@id":"https:\/\/kyrya.es\/fr\/kyrya-group-dans-le-journal-heraldo-de-aragon\/","url":"https:\/\/kyrya.es\/fr\/kyrya-group-dans-le-journal-heraldo-de-aragon\/","name":"Kyrya Group dans le journal Heraldo de Arag\u00f3n - Kyrya","isPartOf":{"@id":"https:\/\/kyrya.es\/#website"},"primaryImageOfPage":{"@id":"https:\/\/kyrya.es\/fr\/kyrya-group-dans-le-journal-heraldo-de-aragon\/#primaryimage"},"image":{"@id":"https:\/\/kyrya.es\/fr\/kyrya-group-dans-le-journal-heraldo-de-aragon\/#primaryimage"},"thumbnailUrl":"https:\/\/kyrya.es\/wp-content\/uploads\/Kyrya2_w.jpg","datePublished":"2018-09-10T07:59:47+00:00","description":"Le journal Heraldo de Arag\u00f3n a publi\u00e9 une interview de Fernando Zubiaur, directeur du marketing et des exportations de Kyrya, dans laquelle il parle de","breadcrumb":{"@id":"https:\/\/kyrya.es\/fr\/kyrya-group-dans-le-journal-heraldo-de-aragon\/#breadcrumb"},"inLanguage":"fr-FR","potentialAction":[{"@type":"ReadAction","target":["https:\/\/kyrya.es\/fr\/kyrya-group-dans-le-journal-heraldo-de-aragon\/"]}]},{"@type":"ImageObject","inLanguage":"fr-FR","@id":"https:\/\/kyrya.es\/fr\/kyrya-group-dans-le-journal-heraldo-de-aragon\/#primaryimage","url":"https:\/\/kyrya.es\/wp-content\/uploads\/Kyrya2_w.jpg","contentUrl":"https:\/\/kyrya.es\/wp-content\/uploads\/Kyrya2_w.jpg","width":800,"height":626},{"@type":"BreadcrumbList","@id":"https:\/\/kyrya.es\/fr\/kyrya-group-dans-le-journal-heraldo-de-aragon\/#breadcrumb","itemListElement":[{"@type":"ListItem","position":1,"name":"Kyrya","item":"https:\/\/kyrya.es\/fr\/"},{"@type":"ListItem","position":2,"name":"Kyrya Group dans le journal Heraldo de Arag\u00f3n"}]},{"@type":"WebSite","@id":"https:\/\/kyrya.es\/#website","url":"https:\/\/kyrya.es\/","name":"Kyrya","description":"Mobiliario de ba\u00f1o a medida","publisher":{"@id":"https:\/\/kyrya.es\/#organization"},"potentialAction":[{"@type":"SearchAction","target":{"@type":"EntryPoint","urlTemplate":"https:\/\/kyrya.es\/?s={search_term_string}"},"query-input":{"@type":"PropertyValueSpecification","valueRequired":true,"valueName":"search_term_string"}}],"inLanguage":"fr-FR"},{"@type":"Organization","@id":"https:\/\/kyrya.es\/#organization","name":"Kyrya","url":"https:\/\/kyrya.es\/","logo":{"@type":"ImageObject","inLanguage":"fr-FR","@id":"https:\/\/kyrya.es\/#\/schema\/logo\/image\/","url":"https:\/\/kyrya.es\/wp-content\/uploads\/logo-kyrya.svg","contentUrl":"https:\/\/kyrya.es\/wp-content\/uploads\/logo-kyrya.svg","width":"1280","height":"900","caption":"Kyrya"},"image":{"@id":"https:\/\/kyrya.es\/#\/schema\/logo\/image\/"},"sameAs":["https:\/\/www.facebook.com\/kyrya.es","https:\/\/www.instagram.com\/kyrya.es\/","https:\/\/www.linkedin.com\/company\/kyrya\/","https:\/\/es.pinterest.com\/kyrya_es\/"]},{"@type":"Person","@id":"https:\/\/kyrya.es\/#\/schema\/person\/c5551814ec46a7369b22fd0777f50a6b","name":"Chema Ichaso","image":{"@type":"ImageObject","inLanguage":"fr-FR","@id":"https:\/\/secure.gravatar.com\/avatar\/52b13a31d3d1870d167c450fdedc1e3f118b5fda06f5e5564975585b1a89a5a7?s=96&d=mm&r=g","url":"https:\/\/secure.gravatar.com\/avatar\/52b13a31d3d1870d167c450fdedc1e3f118b5fda06f5e5564975585b1a89a5a7?s=96&d=mm&r=g","contentUrl":"https:\/\/secure.gravatar.com\/avatar\/52b13a31d3d1870d167c450fdedc1e3f118b5fda06f5e5564975585b1a89a5a7?s=96&d=mm&r=g","caption":"Chema Ichaso"}}]}},"_links":{"self":[{"href":"https:\/\/kyrya.es\/fr\/wp-json\/wp\/v2\/posts\/76591","targetHints":{"allow":["GET"]}}],"collection":[{"href":"https:\/\/kyrya.es\/fr\/wp-json\/wp\/v2\/posts"}],"about":[{"href":"https:\/\/kyrya.es\/fr\/wp-json\/wp\/v2\/types\/post"}],"author":[{"embeddable":true,"href":"https:\/\/kyrya.es\/fr\/wp-json\/wp\/v2\/users\/3"}],"replies":[{"embeddable":true,"href":"https:\/\/kyrya.es\/fr\/wp-json\/wp\/v2\/comments?post=76591"}],"version-history":[{"count":0,"href":"https:\/\/kyrya.es\/fr\/wp-json\/wp\/v2\/posts\/76591\/revisions"}],"wp:featuredmedia":[{"embeddable":true,"href":"https:\/\/kyrya.es\/fr\/wp-json\/wp\/v2\/media\/10844"}],"wp:attachment":[{"href":"https:\/\/kyrya.es\/fr\/wp-json\/wp\/v2\/media?parent=76591"}],"wp:term":[{"taxonomy":"category","embeddable":true,"href":"https:\/\/kyrya.es\/fr\/wp-json\/wp\/v2\/categories?post=76591"},{"taxonomy":"post_tag","embeddable":true,"href":"https:\/\/kyrya.es\/fr\/wp-json\/wp\/v2\/tags?post=76591"}],"curies":[{"name":"wp","href":"https:\/\/api.w.org\/{rel}","templated":true}]}}