{"id":76602,"date":"2019-05-09T15:31:26","date_gmt":"2019-05-09T13:31:26","guid":{"rendered":"https:\/\/2024.kyrya.es\/fermin-cuesta-nouveau-pdg-du-groupe-kyrya\/"},"modified":"2024-12-17T17:19:38","modified_gmt":"2024-12-17T16:19:38","slug":"fermin-cuesta-nouveau-pdg-du-groupe-kyrya","status":"publish","type":"post","link":"https:\/\/kyrya.es\/fr\/fermin-cuesta-nouveau-pdg-du-groupe-kyrya\/","title":{"rendered":"Ferm\u00edn Cuesta, nouveau PDG du groupe Kyrya"},"content":{"rendered":"\n<h4 class=\"wp-block-heading\">\u00ab <strong>Nous sommes au d\u00e9but d\u2019une nouvelle \u00e9tape passionnante<\/strong> \u00bb. C\u2019est ainsi que le conseil d\u2019administration de Kyrya Group d\u00e9crit <strong>l\u2019incorporation de Ferm\u00edn Cuesta<\/strong> en tant que nouveau <strong>directeur g\u00e9n\u00e9ral<\/strong>. <\/h4>\n\n<p>Bas\u00e9 \u00e0 Saragosse depuis neuf ans et apr\u00e8s avoir \u00e9t\u00e9 directeur commercial d\u2019entreprises telles que Salgar, Franke et Teka, il rel\u00e8ve le d\u00e9fi de diriger ce qui est, selon ses propres termes<strong>, \u00ab un concept d\u2019entreprise novateur et surprenant, dans lequel la capacit\u00e9 d\u2019anticiper les besoins des clients et d\u2019offrir la plus haute qualit\u00e9 gr\u00e2ce \u00e0 la  non seulement \u00e0 une grande valeur humaine, mais aussi \u00e0 un mod\u00e8le d\u2019industrialisation unique<\/strong>.  <\/p>\n\n<figure class=\"wp-block-image\"><img loading=\"lazy\" decoding=\"async\" width=\"756\" height=\"900\" src=\"https:\/\/kyrya.es\/wp-content\/uploads\/\/fermin-cuesta_web-756x900.jpg\" alt=\"\" class=\"wp-image-13991\" srcset=\"https:\/\/kyrya.es\/wp-content\/uploads\/fermin-cuesta_web-756x900.jpg 756w, https:\/\/kyrya.es\/wp-content\/uploads\/fermin-cuesta_web-336x400.jpg 336w, https:\/\/kyrya.es\/wp-content\/uploads\/fermin-cuesta_web-768x915.jpg 768w, https:\/\/kyrya.es\/wp-content\/uploads\/fermin-cuesta_web.jpg 900w\" sizes=\"auto, (max-width: 756px) 100vw, 756px\" \/><figcaption>Ferm\u00edn Cuesta, PDG du groupe Kyrya<\/figcaption><\/figure>\n\n<p>Parmi ses principaux objectifs, le nouveau PDG de Kyrya Group met l\u2019accent sur<strong> la poursuite de la passion pour le produit et le design qui a conduit les partenaires actuels \u00e0 cr\u00e9er une culture d\u2019entreprise bas\u00e9e sur la \u00ab\u00a0Design Attitude\u00a0\u00bb comme<\/strong> mod\u00e8le d\u2019affaires, la rendant transversale \u00e0 tous les domaines de l\u2019entreprise.  <\/p>\n\n<p>En outre, elle s\u2019engage \u00e0 continuer \u00e0 travailler dans la <strong>ligne de croissance et d\u2019investissement en R+D, en renfor\u00e7ant les march\u00e9s internationaux \u00e0 caract\u00e8re strat\u00e9gique et en renfor\u00e7ant les relations avec les principales parties prenantes de l\u2019entreprise<\/strong> .<\/p>\n\n<p>Dans son avis sur les points forts de notre entreprise, Ferm\u00edn souligne sans h\u00e9sitation <strong>l\u2019excellent travail accompli pour industrialiser le lot 1 et le rendre \u00ab facile \u00e0 g\u00e9rer \u00bb, un aspect qu\u2019il continuera \u00e0 promouvoir et \u00e0<\/strong> enrichir de son nouveau poste de direction.  <\/p>\n\n<p>Dans notre processus d\u2019am\u00e9lioration continue et avec la ferme conviction de nous orienter vers les besoins du march\u00e9 et de nos clients,<strong> l\u2019incorporation de Ferm\u00edn Cuesta nous permettra, encore plus si possible, une croissance ferme et durable et le d\u00e9fi passionnant de nous \u00e9tablir comme l\u2019entreprise num\u00e9ro un dans le<\/strong> domaine des meubles de salle de bains sur mesure.<\/p>\n","protected":false},"excerpt":{"rendered":"<p>\u00ab Nous sommes au d\u00e9but d\u2019une nouvelle \u00e9tape passionnante \u00bb. C\u2019est ainsi que le conseil d\u2019administration de Kyrya Group d\u00e9crit l\u2019incorporation de Ferm\u00edn Cuesta en tant que nouveau directeur g\u00e9n\u00e9ral. [&#8230;]<\/p>\n","protected":false},"author":3,"featured_media":14013,"comment_status":"closed","ping_status":"closed","sticky":false,"template":"","format":"standard","meta":{"_acf_changed":false,"inline_featured_image":false,"footnotes":""},"categories":[114],"tags":[1530,1531,1532,1533],"class_list":["post-76602","post","type-post","status-publish","format-standard","has-post-thumbnail","hentry","category-main-fr","tag-kyrya-fr","tag-groupe-kyrya","tag-directeur-general","tag-fermin-cuesta-fr"],"acf":[],"yoast_head":"<!-- This site is optimized with the Yoast SEO plugin v27.5 - https:\/\/yoast.com\/product\/yoast-seo-wordpress\/ -->\n<title>Ferm\u00edn Cuesta, nouveau PDG du groupe Kyrya - Kyrya<\/title>\n<meta name=\"description\" content=\"\u00ab Nous sommes au d\u00e9but d\u2019une nouvelle \u00e9tape passionnante \u00bb. C\u2019est ainsi que le conseil d\u2019administration de Kyrya Group d\u00e9crit l\u2019incorporation de Ferm\u00edn\" \/>\n<meta name=\"robots\" content=\"index, follow, max-snippet:-1, max-image-preview:large, max-video-preview:-1\" \/>\n<link rel=\"canonical\" href=\"https:\/\/kyrya.es\/fr\/fermin-cuesta-nouveau-pdg-du-groupe-kyrya\/\" \/>\n<meta property=\"og:locale\" content=\"fr_FR\" \/>\n<meta property=\"og:type\" content=\"article\" \/>\n<meta property=\"og:title\" content=\"Ferm\u00edn Cuesta, nouveau PDG du groupe Kyrya - Kyrya\" \/>\n<meta property=\"og:description\" content=\"\u00ab Nous sommes au d\u00e9but d\u2019une nouvelle \u00e9tape passionnante \u00bb. C\u2019est ainsi que le conseil d\u2019administration de Kyrya Group d\u00e9crit l\u2019incorporation de Ferm\u00edn\" \/>\n<meta property=\"og:url\" content=\"https:\/\/kyrya.es\/fr\/fermin-cuesta-nouveau-pdg-du-groupe-kyrya\/\" \/>\n<meta property=\"og:site_name\" content=\"Kyrya\" \/>\n<meta property=\"article:publisher\" content=\"https:\/\/www.facebook.com\/kyrya.es\" \/>\n<meta property=\"article:published_time\" content=\"2019-05-09T13:31:26+00:00\" \/>\n<meta property=\"article:modified_time\" content=\"2024-12-17T16:19:38+00:00\" \/>\n<meta property=\"og:image\" content=\"https:\/\/kyrya.es\/wp-content\/uploads\/fermin-cuesta_destacada.jpg\" \/>\n\t<meta property=\"og:image:width\" content=\"600\" \/>\n\t<meta property=\"og:image:height\" content=\"635\" \/>\n\t<meta property=\"og:image:type\" content=\"image\/jpeg\" \/>\n<meta name=\"author\" content=\"Chema Ichaso\" \/>\n<meta name=\"twitter:card\" content=\"summary_large_image\" \/>\n<meta name=\"twitter:label1\" content=\"\u00c9crit par\" \/>\n\t<meta name=\"twitter:data1\" content=\"Chema Ichaso\" \/>\n\t<meta name=\"twitter:label2\" content=\"Dur\u00e9e de lecture estim\u00e9e\" \/>\n\t<meta name=\"twitter:data2\" content=\"2 minutes\" \/>\n<script type=\"application\/ld+json\" class=\"yoast-schema-graph\">{\"@context\":\"https:\\\/\\\/schema.org\",\"@graph\":[{\"@type\":\"Article\",\"@id\":\"https:\\\/\\\/kyrya.es\\\/fr\\\/fermin-cuesta-nouveau-pdg-du-groupe-kyrya\\\/#article\",\"isPartOf\":{\"@id\":\"https:\\\/\\\/kyrya.es\\\/fr\\\/fermin-cuesta-nouveau-pdg-du-groupe-kyrya\\\/\"},\"author\":{\"name\":\"Chema Ichaso\",\"@id\":\"https:\\\/\\\/kyrya.es\\\/#\\\/schema\\\/person\\\/c5551814ec46a7369b22fd0777f50a6b\"},\"headline\":\"Ferm\u00edn Cuesta, nouveau PDG du groupe Kyrya\",\"datePublished\":\"2019-05-09T13:31:26+00:00\",\"dateModified\":\"2024-12-17T16:19:38+00:00\",\"mainEntityOfPage\":{\"@id\":\"https:\\\/\\\/kyrya.es\\\/fr\\\/fermin-cuesta-nouveau-pdg-du-groupe-kyrya\\\/\"},\"wordCount\":338,\"publisher\":{\"@id\":\"https:\\\/\\\/kyrya.es\\\/#organization\"},\"image\":{\"@id\":\"https:\\\/\\\/kyrya.es\\\/fr\\\/fermin-cuesta-nouveau-pdg-du-groupe-kyrya\\\/#primaryimage\"},\"thumbnailUrl\":\"https:\\\/\\\/kyrya.es\\\/wp-content\\\/uploads\\\/fermin-cuesta_destacada.jpg\",\"keywords\":[\"Kyrya\",\"Groupe Kyrya\",\"Directeur g\u00e9n\u00e9ral\",\"Ferm\u00edn Cuesta\"],\"articleSection\":[\"Main\"],\"inLanguage\":\"fr-FR\"},{\"@type\":\"WebPage\",\"@id\":\"https:\\\/\\\/kyrya.es\\\/fr\\\/fermin-cuesta-nouveau-pdg-du-groupe-kyrya\\\/\",\"url\":\"https:\\\/\\\/kyrya.es\\\/fr\\\/fermin-cuesta-nouveau-pdg-du-groupe-kyrya\\\/\",\"name\":\"Ferm\u00edn Cuesta, nouveau PDG du groupe Kyrya - Kyrya\",\"isPartOf\":{\"@id\":\"https:\\\/\\\/kyrya.es\\\/#website\"},\"primaryImageOfPage\":{\"@id\":\"https:\\\/\\\/kyrya.es\\\/fr\\\/fermin-cuesta-nouveau-pdg-du-groupe-kyrya\\\/#primaryimage\"},\"image\":{\"@id\":\"https:\\\/\\\/kyrya.es\\\/fr\\\/fermin-cuesta-nouveau-pdg-du-groupe-kyrya\\\/#primaryimage\"},\"thumbnailUrl\":\"https:\\\/\\\/kyrya.es\\\/wp-content\\\/uploads\\\/fermin-cuesta_destacada.jpg\",\"datePublished\":\"2019-05-09T13:31:26+00:00\",\"dateModified\":\"2024-12-17T16:19:38+00:00\",\"description\":\"\u00ab Nous sommes au d\u00e9but d\u2019une nouvelle \u00e9tape passionnante \u00bb. C\u2019est ainsi que le conseil d\u2019administration de Kyrya Group d\u00e9crit l\u2019incorporation de Ferm\u00edn\",\"breadcrumb\":{\"@id\":\"https:\\\/\\\/kyrya.es\\\/fr\\\/fermin-cuesta-nouveau-pdg-du-groupe-kyrya\\\/#breadcrumb\"},\"inLanguage\":\"fr-FR\",\"potentialAction\":[{\"@type\":\"ReadAction\",\"target\":[\"https:\\\/\\\/kyrya.es\\\/fr\\\/fermin-cuesta-nouveau-pdg-du-groupe-kyrya\\\/\"]}]},{\"@type\":\"ImageObject\",\"inLanguage\":\"fr-FR\",\"@id\":\"https:\\\/\\\/kyrya.es\\\/fr\\\/fermin-cuesta-nouveau-pdg-du-groupe-kyrya\\\/#primaryimage\",\"url\":\"https:\\\/\\\/kyrya.es\\\/wp-content\\\/uploads\\\/fermin-cuesta_destacada.jpg\",\"contentUrl\":\"https:\\\/\\\/kyrya.es\\\/wp-content\\\/uploads\\\/fermin-cuesta_destacada.jpg\",\"width\":600,\"height\":635},{\"@type\":\"BreadcrumbList\",\"@id\":\"https:\\\/\\\/kyrya.es\\\/fr\\\/fermin-cuesta-nouveau-pdg-du-groupe-kyrya\\\/#breadcrumb\",\"itemListElement\":[{\"@type\":\"ListItem\",\"position\":1,\"name\":\"Kyrya\",\"item\":\"https:\\\/\\\/kyrya.es\\\/fr\\\/\"},{\"@type\":\"ListItem\",\"position\":2,\"name\":\"Ferm\u00edn Cuesta, nouveau PDG du groupe Kyrya\"}]},{\"@type\":\"WebSite\",\"@id\":\"https:\\\/\\\/kyrya.es\\\/#website\",\"url\":\"https:\\\/\\\/kyrya.es\\\/\",\"name\":\"Kyrya\",\"description\":\"Mobiliario de ba\u00f1o a medida\",\"publisher\":{\"@id\":\"https:\\\/\\\/kyrya.es\\\/#organization\"},\"potentialAction\":[{\"@type\":\"SearchAction\",\"target\":{\"@type\":\"EntryPoint\",\"urlTemplate\":\"https:\\\/\\\/kyrya.es\\\/?s={search_term_string}\"},\"query-input\":{\"@type\":\"PropertyValueSpecification\",\"valueRequired\":true,\"valueName\":\"search_term_string\"}}],\"inLanguage\":\"fr-FR\"},{\"@type\":\"Organization\",\"@id\":\"https:\\\/\\\/kyrya.es\\\/#organization\",\"name\":\"Kyrya\",\"url\":\"https:\\\/\\\/kyrya.es\\\/\",\"logo\":{\"@type\":\"ImageObject\",\"inLanguage\":\"fr-FR\",\"@id\":\"https:\\\/\\\/kyrya.es\\\/#\\\/schema\\\/logo\\\/image\\\/\",\"url\":\"https:\\\/\\\/kyrya.es\\\/wp-content\\\/uploads\\\/logo-kyrya.svg\",\"contentUrl\":\"https:\\\/\\\/kyrya.es\\\/wp-content\\\/uploads\\\/logo-kyrya.svg\",\"width\":\"1280\",\"height\":\"900\",\"caption\":\"Kyrya\"},\"image\":{\"@id\":\"https:\\\/\\\/kyrya.es\\\/#\\\/schema\\\/logo\\\/image\\\/\"},\"sameAs\":[\"https:\\\/\\\/www.facebook.com\\\/kyrya.es\",\"https:\\\/\\\/www.instagram.com\\\/kyrya.es\\\/\",\"https:\\\/\\\/www.linkedin.com\\\/company\\\/kyrya\\\/\",\"https:\\\/\\\/es.pinterest.com\\\/kyrya_es\\\/\"]},{\"@type\":\"Person\",\"@id\":\"https:\\\/\\\/kyrya.es\\\/#\\\/schema\\\/person\\\/c5551814ec46a7369b22fd0777f50a6b\",\"name\":\"Chema Ichaso\",\"image\":{\"@type\":\"ImageObject\",\"inLanguage\":\"fr-FR\",\"@id\":\"https:\\\/\\\/secure.gravatar.com\\\/avatar\\\/52b13a31d3d1870d167c450fdedc1e3f118b5fda06f5e5564975585b1a89a5a7?s=96&d=mm&r=g\",\"url\":\"https:\\\/\\\/secure.gravatar.com\\\/avatar\\\/52b13a31d3d1870d167c450fdedc1e3f118b5fda06f5e5564975585b1a89a5a7?s=96&d=mm&r=g\",\"contentUrl\":\"https:\\\/\\\/secure.gravatar.com\\\/avatar\\\/52b13a31d3d1870d167c450fdedc1e3f118b5fda06f5e5564975585b1a89a5a7?s=96&d=mm&r=g\",\"caption\":\"Chema Ichaso\"}}]}<\/script>\n<!-- \/ Yoast SEO plugin. -->","yoast_head_json":{"title":"Ferm\u00edn Cuesta, nouveau PDG du groupe Kyrya - Kyrya","description":"\u00ab Nous sommes au d\u00e9but d\u2019une nouvelle \u00e9tape passionnante \u00bb. C\u2019est ainsi que le conseil d\u2019administration de Kyrya Group d\u00e9crit l\u2019incorporation de Ferm\u00edn","robots":{"index":"index","follow":"follow","max-snippet":"max-snippet:-1","max-image-preview":"max-image-preview:large","max-video-preview":"max-video-preview:-1"},"canonical":"https:\/\/kyrya.es\/fr\/fermin-cuesta-nouveau-pdg-du-groupe-kyrya\/","og_locale":"fr_FR","og_type":"article","og_title":"Ferm\u00edn Cuesta, nouveau PDG du groupe Kyrya - Kyrya","og_description":"\u00ab Nous sommes au d\u00e9but d\u2019une nouvelle \u00e9tape passionnante \u00bb. C\u2019est ainsi que le conseil d\u2019administration de Kyrya Group d\u00e9crit l\u2019incorporation de Ferm\u00edn","og_url":"https:\/\/kyrya.es\/fr\/fermin-cuesta-nouveau-pdg-du-groupe-kyrya\/","og_site_name":"Kyrya","article_publisher":"https:\/\/www.facebook.com\/kyrya.es","article_published_time":"2019-05-09T13:31:26+00:00","article_modified_time":"2024-12-17T16:19:38+00:00","og_image":[{"width":600,"height":635,"url":"https:\/\/kyrya.es\/wp-content\/uploads\/fermin-cuesta_destacada.jpg","type":"image\/jpeg"}],"author":"Chema Ichaso","twitter_card":"summary_large_image","twitter_misc":{"\u00c9crit par":"Chema Ichaso","Dur\u00e9e de lecture estim\u00e9e":"2 minutes"},"schema":{"@context":"https:\/\/schema.org","@graph":[{"@type":"Article","@id":"https:\/\/kyrya.es\/fr\/fermin-cuesta-nouveau-pdg-du-groupe-kyrya\/#article","isPartOf":{"@id":"https:\/\/kyrya.es\/fr\/fermin-cuesta-nouveau-pdg-du-groupe-kyrya\/"},"author":{"name":"Chema Ichaso","@id":"https:\/\/kyrya.es\/#\/schema\/person\/c5551814ec46a7369b22fd0777f50a6b"},"headline":"Ferm\u00edn Cuesta, nouveau PDG du groupe Kyrya","datePublished":"2019-05-09T13:31:26+00:00","dateModified":"2024-12-17T16:19:38+00:00","mainEntityOfPage":{"@id":"https:\/\/kyrya.es\/fr\/fermin-cuesta-nouveau-pdg-du-groupe-kyrya\/"},"wordCount":338,"publisher":{"@id":"https:\/\/kyrya.es\/#organization"},"image":{"@id":"https:\/\/kyrya.es\/fr\/fermin-cuesta-nouveau-pdg-du-groupe-kyrya\/#primaryimage"},"thumbnailUrl":"https:\/\/kyrya.es\/wp-content\/uploads\/fermin-cuesta_destacada.jpg","keywords":["Kyrya","Groupe Kyrya","Directeur g\u00e9n\u00e9ral","Ferm\u00edn Cuesta"],"articleSection":["Main"],"inLanguage":"fr-FR"},{"@type":"WebPage","@id":"https:\/\/kyrya.es\/fr\/fermin-cuesta-nouveau-pdg-du-groupe-kyrya\/","url":"https:\/\/kyrya.es\/fr\/fermin-cuesta-nouveau-pdg-du-groupe-kyrya\/","name":"Ferm\u00edn Cuesta, nouveau PDG du groupe Kyrya - Kyrya","isPartOf":{"@id":"https:\/\/kyrya.es\/#website"},"primaryImageOfPage":{"@id":"https:\/\/kyrya.es\/fr\/fermin-cuesta-nouveau-pdg-du-groupe-kyrya\/#primaryimage"},"image":{"@id":"https:\/\/kyrya.es\/fr\/fermin-cuesta-nouveau-pdg-du-groupe-kyrya\/#primaryimage"},"thumbnailUrl":"https:\/\/kyrya.es\/wp-content\/uploads\/fermin-cuesta_destacada.jpg","datePublished":"2019-05-09T13:31:26+00:00","dateModified":"2024-12-17T16:19:38+00:00","description":"\u00ab Nous sommes au d\u00e9but d\u2019une nouvelle \u00e9tape passionnante \u00bb. C\u2019est ainsi que le conseil d\u2019administration de Kyrya Group d\u00e9crit l\u2019incorporation de Ferm\u00edn","breadcrumb":{"@id":"https:\/\/kyrya.es\/fr\/fermin-cuesta-nouveau-pdg-du-groupe-kyrya\/#breadcrumb"},"inLanguage":"fr-FR","potentialAction":[{"@type":"ReadAction","target":["https:\/\/kyrya.es\/fr\/fermin-cuesta-nouveau-pdg-du-groupe-kyrya\/"]}]},{"@type":"ImageObject","inLanguage":"fr-FR","@id":"https:\/\/kyrya.es\/fr\/fermin-cuesta-nouveau-pdg-du-groupe-kyrya\/#primaryimage","url":"https:\/\/kyrya.es\/wp-content\/uploads\/fermin-cuesta_destacada.jpg","contentUrl":"https:\/\/kyrya.es\/wp-content\/uploads\/fermin-cuesta_destacada.jpg","width":600,"height":635},{"@type":"BreadcrumbList","@id":"https:\/\/kyrya.es\/fr\/fermin-cuesta-nouveau-pdg-du-groupe-kyrya\/#breadcrumb","itemListElement":[{"@type":"ListItem","position":1,"name":"Kyrya","item":"https:\/\/kyrya.es\/fr\/"},{"@type":"ListItem","position":2,"name":"Ferm\u00edn Cuesta, nouveau PDG du groupe Kyrya"}]},{"@type":"WebSite","@id":"https:\/\/kyrya.es\/#website","url":"https:\/\/kyrya.es\/","name":"Kyrya","description":"Mobiliario de ba\u00f1o a medida","publisher":{"@id":"https:\/\/kyrya.es\/#organization"},"potentialAction":[{"@type":"SearchAction","target":{"@type":"EntryPoint","urlTemplate":"https:\/\/kyrya.es\/?s={search_term_string}"},"query-input":{"@type":"PropertyValueSpecification","valueRequired":true,"valueName":"search_term_string"}}],"inLanguage":"fr-FR"},{"@type":"Organization","@id":"https:\/\/kyrya.es\/#organization","name":"Kyrya","url":"https:\/\/kyrya.es\/","logo":{"@type":"ImageObject","inLanguage":"fr-FR","@id":"https:\/\/kyrya.es\/#\/schema\/logo\/image\/","url":"https:\/\/kyrya.es\/wp-content\/uploads\/logo-kyrya.svg","contentUrl":"https:\/\/kyrya.es\/wp-content\/uploads\/logo-kyrya.svg","width":"1280","height":"900","caption":"Kyrya"},"image":{"@id":"https:\/\/kyrya.es\/#\/schema\/logo\/image\/"},"sameAs":["https:\/\/www.facebook.com\/kyrya.es","https:\/\/www.instagram.com\/kyrya.es\/","https:\/\/www.linkedin.com\/company\/kyrya\/","https:\/\/es.pinterest.com\/kyrya_es\/"]},{"@type":"Person","@id":"https:\/\/kyrya.es\/#\/schema\/person\/c5551814ec46a7369b22fd0777f50a6b","name":"Chema Ichaso","image":{"@type":"ImageObject","inLanguage":"fr-FR","@id":"https:\/\/secure.gravatar.com\/avatar\/52b13a31d3d1870d167c450fdedc1e3f118b5fda06f5e5564975585b1a89a5a7?s=96&d=mm&r=g","url":"https:\/\/secure.gravatar.com\/avatar\/52b13a31d3d1870d167c450fdedc1e3f118b5fda06f5e5564975585b1a89a5a7?s=96&d=mm&r=g","contentUrl":"https:\/\/secure.gravatar.com\/avatar\/52b13a31d3d1870d167c450fdedc1e3f118b5fda06f5e5564975585b1a89a5a7?s=96&d=mm&r=g","caption":"Chema Ichaso"}}]}},"_links":{"self":[{"href":"https:\/\/kyrya.es\/fr\/wp-json\/wp\/v2\/posts\/76602","targetHints":{"allow":["GET"]}}],"collection":[{"href":"https:\/\/kyrya.es\/fr\/wp-json\/wp\/v2\/posts"}],"about":[{"href":"https:\/\/kyrya.es\/fr\/wp-json\/wp\/v2\/types\/post"}],"author":[{"embeddable":true,"href":"https:\/\/kyrya.es\/fr\/wp-json\/wp\/v2\/users\/3"}],"replies":[{"embeddable":true,"href":"https:\/\/kyrya.es\/fr\/wp-json\/wp\/v2\/comments?post=76602"}],"version-history":[{"count":1,"href":"https:\/\/kyrya.es\/fr\/wp-json\/wp\/v2\/posts\/76602\/revisions"}],"predecessor-version":[{"id":76603,"href":"https:\/\/kyrya.es\/fr\/wp-json\/wp\/v2\/posts\/76602\/revisions\/76603"}],"wp:featuredmedia":[{"embeddable":true,"href":"https:\/\/kyrya.es\/fr\/wp-json\/wp\/v2\/media\/14013"}],"wp:attachment":[{"href":"https:\/\/kyrya.es\/fr\/wp-json\/wp\/v2\/media?parent=76602"}],"wp:term":[{"taxonomy":"category","embeddable":true,"href":"https:\/\/kyrya.es\/fr\/wp-json\/wp\/v2\/categories?post=76602"},{"taxonomy":"post_tag","embeddable":true,"href":"https:\/\/kyrya.es\/fr\/wp-json\/wp\/v2\/tags?post=76602"}],"curies":[{"name":"wp","href":"https:\/\/api.w.org\/{rel}","templated":true}]}}