{"id":76607,"date":"2019-07-08T10:20:30","date_gmt":"2019-07-08T08:20:30","guid":{"rendered":"https:\/\/2024.kyrya.es\/sala-bano-nous-consacre-un-rapport-dans-son-dernier-numero\/"},"modified":"2024-12-17T17:20:17","modified_gmt":"2024-12-17T16:20:17","slug":"sala-bano-nous-consacre-un-rapport-dans-son-dernier-numero","status":"publish","type":"post","link":"https:\/\/kyrya.es\/fr\/sala-bano-nous-consacre-un-rapport-dans-son-dernier-numero\/","title":{"rendered":"Sala Ba\u00f1o nous consacre un rapport dans son dernier num\u00e9ro"},"content":{"rendered":"\n<p><a href=\"http:\/\/www.salabano.com\/\">Le magazine Sala Ba\u00f1o<\/a>, r\u00e9f\u00e9rence et point de rencontre du secteur, a publi\u00e9 <strong>un rapport d\u00e9taill\u00e9 sur Kyrya Group<\/strong> dans ses pages centrales de son 205e num\u00e9ro.<\/p>\n\n<p>Nous y parlons de nos d\u00e9buts, <strong>de notre fa\u00e7on de concevoir du mobilier sur mesure, des options de personnalisation<\/strong> que nous proposons et de la mani\u00e8re dont nous comprenons <strong>l\u2019industrialisation<\/strong> de nos \u00e9quipements.<\/p>\n\n<figure class=\"wp-block-image\"><a href=\"https:\/\/kyrya.es\/wp-content\/uploads\/kyrya_salabano_205.pdf\" target=\"_blank\" rel=\"noreferrer noopener\"><img loading=\"lazy\" decoding=\"async\" width=\"800\" height=\"618\" src=\"https:\/\/kyrya.es\/wp-content\/uploads\/kyrya_salabano205_blog.jpg\" alt=\"\" class=\"wp-image-14989\" srcset=\"https:\/\/kyrya.es\/wp-content\/uploads\/kyrya_salabano205_blog.jpg 800w, https:\/\/kyrya.es\/wp-content\/uploads\/kyrya_salabano205_blog-400x309.jpg 400w, https:\/\/kyrya.es\/wp-content\/uploads\/kyrya_salabano205_blog-768x593.jpg 768w\" sizes=\"auto, (max-width: 800px) 100vw, 800px\" \/><\/a><\/figure>\n\n<p>Ce rendez-vous ne pouvait pas manquer le reflet de notre perception <strong>de l\u2019\u00e9tat de sant\u00e9 du secteur de l\u2019\u00e9quipement et du mobilier de salle de<\/strong> bain et de son \u00e9volution, les <strong>objectifs que nous nous sommes fix\u00e9s \u00e0 moyen et long terme<\/strong>, ainsi que l\u2019avant-premi\u00e8re des <strong>nouveaut\u00e9s que nous lan\u00e7ons cette ann\u00e9e<\/strong> 2019.<\/p>\n\n<p>Nous vous invitons \u00e0 lire l\u2019article <strong>dans l\u2019\u00e9dition papier du magazine<\/strong>, ou via <strong><a href=\"https:\/\/kyrya.es\/wp-content\/uploads\/kyrya_salabano_205.pdf\" target=\"_blank\" rel=\"noreferrer noopener\" aria-label=\"este enlace (abre en una nueva pesta&#xF1;a)\">ce lien<\/a><\/strong>.<\/p>\n\n<p><strong>#DesignAttitude<\/strong><\/p>\n","protected":false},"excerpt":{"rendered":"<p>Le magazine Sala Ba\u00f1o, r\u00e9f\u00e9rence et point de rencontre du secteur, a publi\u00e9 un rapport d\u00e9taill\u00e9 sur Kyrya Group dans ses pages centrales de son 205e num\u00e9ro. Nous y parlons [&#8230;]<\/p>\n","protected":false},"author":3,"featured_media":14986,"comment_status":"closed","ping_status":"closed","sticky":false,"template":"","format":"standard","meta":{"_acf_changed":false,"inline_featured_image":false,"footnotes":""},"categories":[114],"tags":[1531,1537,1538,1539],"class_list":["post-76607","post","type-post","status-publish","format-standard","has-post-thumbnail","hentry","category-main-fr","tag-groupe-kyrya","tag-salle-de-bain","tag-interview-fr","tag-rapport"],"acf":[],"yoast_head":"<!-- This site is optimized with the Yoast SEO plugin v27.5 - https:\/\/yoast.com\/product\/yoast-seo-wordpress\/ -->\n<title>Sala Ba\u00f1o nous consacre un rapport dans son dernier num\u00e9ro - Kyrya<\/title>\n<meta name=\"description\" content=\"Le magazine Sala Ba\u00f1o, r\u00e9f\u00e9rence et point de rencontre du secteur, a publi\u00e9 un rapport d\u00e9taill\u00e9 sur Kyrya Group dans ses pages centrales de son 205e\" \/>\n<meta name=\"robots\" content=\"index, follow, max-snippet:-1, max-image-preview:large, max-video-preview:-1\" \/>\n<link rel=\"canonical\" href=\"https:\/\/kyrya.es\/fr\/sala-bano-nous-consacre-un-rapport-dans-son-dernier-numero\/\" \/>\n<meta property=\"og:locale\" content=\"fr_FR\" \/>\n<meta property=\"og:type\" content=\"article\" \/>\n<meta property=\"og:title\" content=\"Sala Ba\u00f1o nous consacre un rapport dans son dernier num\u00e9ro - Kyrya\" \/>\n<meta property=\"og:description\" content=\"Le magazine Sala Ba\u00f1o, r\u00e9f\u00e9rence et point de rencontre du secteur, a publi\u00e9 un rapport d\u00e9taill\u00e9 sur Kyrya Group dans ses pages centrales de son 205e\" \/>\n<meta property=\"og:url\" content=\"https:\/\/kyrya.es\/fr\/sala-bano-nous-consacre-un-rapport-dans-son-dernier-numero\/\" \/>\n<meta property=\"og:site_name\" content=\"Kyrya\" \/>\n<meta property=\"article:publisher\" content=\"https:\/\/www.facebook.com\/kyrya.es\" \/>\n<meta property=\"article:published_time\" content=\"2019-07-08T08:20:30+00:00\" \/>\n<meta property=\"article:modified_time\" content=\"2024-12-17T16:20:17+00:00\" \/>\n<meta property=\"og:image\" content=\"https:\/\/kyrya.es\/wp-content\/uploads\/kyrya_salabano205_destacada.jpg\" \/>\n\t<meta property=\"og:image:width\" content=\"240\" \/>\n\t<meta property=\"og:image:height\" content=\"240\" \/>\n\t<meta property=\"og:image:type\" content=\"image\/jpeg\" \/>\n<meta name=\"author\" content=\"Chema Ichaso\" \/>\n<meta name=\"twitter:card\" content=\"summary_large_image\" \/>\n<meta name=\"twitter:label1\" content=\"\u00c9crit par\" \/>\n\t<meta name=\"twitter:data1\" content=\"Chema Ichaso\" \/>\n\t<meta name=\"twitter:label2\" content=\"Dur\u00e9e de lecture estim\u00e9e\" \/>\n\t<meta name=\"twitter:data2\" content=\"1 minute\" \/>\n<script type=\"application\/ld+json\" class=\"yoast-schema-graph\">{\"@context\":\"https:\\\/\\\/schema.org\",\"@graph\":[{\"@type\":\"Article\",\"@id\":\"https:\\\/\\\/kyrya.es\\\/fr\\\/sala-bano-nous-consacre-un-rapport-dans-son-dernier-numero\\\/#article\",\"isPartOf\":{\"@id\":\"https:\\\/\\\/kyrya.es\\\/fr\\\/sala-bano-nous-consacre-un-rapport-dans-son-dernier-numero\\\/\"},\"author\":{\"name\":\"Chema Ichaso\",\"@id\":\"https:\\\/\\\/kyrya.es\\\/#\\\/schema\\\/person\\\/c5551814ec46a7369b22fd0777f50a6b\"},\"headline\":\"Sala Ba\u00f1o nous consacre un rapport dans son dernier num\u00e9ro\",\"datePublished\":\"2019-07-08T08:20:30+00:00\",\"dateModified\":\"2024-12-17T16:20:17+00:00\",\"mainEntityOfPage\":{\"@id\":\"https:\\\/\\\/kyrya.es\\\/fr\\\/sala-bano-nous-consacre-un-rapport-dans-son-dernier-numero\\\/\"},\"wordCount\":157,\"publisher\":{\"@id\":\"https:\\\/\\\/kyrya.es\\\/#organization\"},\"image\":{\"@id\":\"https:\\\/\\\/kyrya.es\\\/fr\\\/sala-bano-nous-consacre-un-rapport-dans-son-dernier-numero\\\/#primaryimage\"},\"thumbnailUrl\":\"https:\\\/\\\/kyrya.es\\\/wp-content\\\/uploads\\\/kyrya_salabano205_destacada.jpg\",\"keywords\":[\"Groupe Kyrya\",\"Salle de bain\",\"Interview\",\"Rapport\"],\"articleSection\":[\"Main\"],\"inLanguage\":\"fr-FR\"},{\"@type\":\"WebPage\",\"@id\":\"https:\\\/\\\/kyrya.es\\\/fr\\\/sala-bano-nous-consacre-un-rapport-dans-son-dernier-numero\\\/\",\"url\":\"https:\\\/\\\/kyrya.es\\\/fr\\\/sala-bano-nous-consacre-un-rapport-dans-son-dernier-numero\\\/\",\"name\":\"Sala Ba\u00f1o nous consacre un rapport dans son dernier num\u00e9ro - Kyrya\",\"isPartOf\":{\"@id\":\"https:\\\/\\\/kyrya.es\\\/#website\"},\"primaryImageOfPage\":{\"@id\":\"https:\\\/\\\/kyrya.es\\\/fr\\\/sala-bano-nous-consacre-un-rapport-dans-son-dernier-numero\\\/#primaryimage\"},\"image\":{\"@id\":\"https:\\\/\\\/kyrya.es\\\/fr\\\/sala-bano-nous-consacre-un-rapport-dans-son-dernier-numero\\\/#primaryimage\"},\"thumbnailUrl\":\"https:\\\/\\\/kyrya.es\\\/wp-content\\\/uploads\\\/kyrya_salabano205_destacada.jpg\",\"datePublished\":\"2019-07-08T08:20:30+00:00\",\"dateModified\":\"2024-12-17T16:20:17+00:00\",\"description\":\"Le magazine Sala Ba\u00f1o, r\u00e9f\u00e9rence et point de rencontre du secteur, a publi\u00e9 un rapport d\u00e9taill\u00e9 sur Kyrya Group dans ses pages centrales de son 205e\",\"breadcrumb\":{\"@id\":\"https:\\\/\\\/kyrya.es\\\/fr\\\/sala-bano-nous-consacre-un-rapport-dans-son-dernier-numero\\\/#breadcrumb\"},\"inLanguage\":\"fr-FR\",\"potentialAction\":[{\"@type\":\"ReadAction\",\"target\":[\"https:\\\/\\\/kyrya.es\\\/fr\\\/sala-bano-nous-consacre-un-rapport-dans-son-dernier-numero\\\/\"]}]},{\"@type\":\"ImageObject\",\"inLanguage\":\"fr-FR\",\"@id\":\"https:\\\/\\\/kyrya.es\\\/fr\\\/sala-bano-nous-consacre-un-rapport-dans-son-dernier-numero\\\/#primaryimage\",\"url\":\"https:\\\/\\\/kyrya.es\\\/wp-content\\\/uploads\\\/kyrya_salabano205_destacada.jpg\",\"contentUrl\":\"https:\\\/\\\/kyrya.es\\\/wp-content\\\/uploads\\\/kyrya_salabano205_destacada.jpg\",\"width\":240,\"height\":240},{\"@type\":\"BreadcrumbList\",\"@id\":\"https:\\\/\\\/kyrya.es\\\/fr\\\/sala-bano-nous-consacre-un-rapport-dans-son-dernier-numero\\\/#breadcrumb\",\"itemListElement\":[{\"@type\":\"ListItem\",\"position\":1,\"name\":\"Kyrya\",\"item\":\"https:\\\/\\\/kyrya.es\\\/fr\\\/\"},{\"@type\":\"ListItem\",\"position\":2,\"name\":\"Sala Ba\u00f1o nous consacre un rapport dans son dernier num\u00e9ro\"}]},{\"@type\":\"WebSite\",\"@id\":\"https:\\\/\\\/kyrya.es\\\/#website\",\"url\":\"https:\\\/\\\/kyrya.es\\\/\",\"name\":\"Kyrya\",\"description\":\"Mobiliario de ba\u00f1o a medida\",\"publisher\":{\"@id\":\"https:\\\/\\\/kyrya.es\\\/#organization\"},\"potentialAction\":[{\"@type\":\"SearchAction\",\"target\":{\"@type\":\"EntryPoint\",\"urlTemplate\":\"https:\\\/\\\/kyrya.es\\\/?s={search_term_string}\"},\"query-input\":{\"@type\":\"PropertyValueSpecification\",\"valueRequired\":true,\"valueName\":\"search_term_string\"}}],\"inLanguage\":\"fr-FR\"},{\"@type\":\"Organization\",\"@id\":\"https:\\\/\\\/kyrya.es\\\/#organization\",\"name\":\"Kyrya\",\"url\":\"https:\\\/\\\/kyrya.es\\\/\",\"logo\":{\"@type\":\"ImageObject\",\"inLanguage\":\"fr-FR\",\"@id\":\"https:\\\/\\\/kyrya.es\\\/#\\\/schema\\\/logo\\\/image\\\/\",\"url\":\"https:\\\/\\\/kyrya.es\\\/wp-content\\\/uploads\\\/logo-kyrya.svg\",\"contentUrl\":\"https:\\\/\\\/kyrya.es\\\/wp-content\\\/uploads\\\/logo-kyrya.svg\",\"width\":\"1280\",\"height\":\"900\",\"caption\":\"Kyrya\"},\"image\":{\"@id\":\"https:\\\/\\\/kyrya.es\\\/#\\\/schema\\\/logo\\\/image\\\/\"},\"sameAs\":[\"https:\\\/\\\/www.facebook.com\\\/kyrya.es\",\"https:\\\/\\\/www.instagram.com\\\/kyrya.es\\\/\",\"https:\\\/\\\/www.linkedin.com\\\/company\\\/kyrya\\\/\",\"https:\\\/\\\/es.pinterest.com\\\/kyrya_es\\\/\"]},{\"@type\":\"Person\",\"@id\":\"https:\\\/\\\/kyrya.es\\\/#\\\/schema\\\/person\\\/c5551814ec46a7369b22fd0777f50a6b\",\"name\":\"Chema Ichaso\",\"image\":{\"@type\":\"ImageObject\",\"inLanguage\":\"fr-FR\",\"@id\":\"https:\\\/\\\/secure.gravatar.com\\\/avatar\\\/52b13a31d3d1870d167c450fdedc1e3f118b5fda06f5e5564975585b1a89a5a7?s=96&d=mm&r=g\",\"url\":\"https:\\\/\\\/secure.gravatar.com\\\/avatar\\\/52b13a31d3d1870d167c450fdedc1e3f118b5fda06f5e5564975585b1a89a5a7?s=96&d=mm&r=g\",\"contentUrl\":\"https:\\\/\\\/secure.gravatar.com\\\/avatar\\\/52b13a31d3d1870d167c450fdedc1e3f118b5fda06f5e5564975585b1a89a5a7?s=96&d=mm&r=g\",\"caption\":\"Chema Ichaso\"}}]}<\/script>\n<!-- \/ Yoast SEO plugin. -->","yoast_head_json":{"title":"Sala Ba\u00f1o nous consacre un rapport dans son dernier num\u00e9ro - Kyrya","description":"Le magazine Sala Ba\u00f1o, r\u00e9f\u00e9rence et point de rencontre du secteur, a publi\u00e9 un rapport d\u00e9taill\u00e9 sur Kyrya Group dans ses pages centrales de son 205e","robots":{"index":"index","follow":"follow","max-snippet":"max-snippet:-1","max-image-preview":"max-image-preview:large","max-video-preview":"max-video-preview:-1"},"canonical":"https:\/\/kyrya.es\/fr\/sala-bano-nous-consacre-un-rapport-dans-son-dernier-numero\/","og_locale":"fr_FR","og_type":"article","og_title":"Sala Ba\u00f1o nous consacre un rapport dans son dernier num\u00e9ro - Kyrya","og_description":"Le magazine Sala Ba\u00f1o, r\u00e9f\u00e9rence et point de rencontre du secteur, a publi\u00e9 un rapport d\u00e9taill\u00e9 sur Kyrya Group dans ses pages centrales de son 205e","og_url":"https:\/\/kyrya.es\/fr\/sala-bano-nous-consacre-un-rapport-dans-son-dernier-numero\/","og_site_name":"Kyrya","article_publisher":"https:\/\/www.facebook.com\/kyrya.es","article_published_time":"2019-07-08T08:20:30+00:00","article_modified_time":"2024-12-17T16:20:17+00:00","og_image":[{"width":240,"height":240,"url":"https:\/\/kyrya.es\/wp-content\/uploads\/kyrya_salabano205_destacada.jpg","type":"image\/jpeg"}],"author":"Chema Ichaso","twitter_card":"summary_large_image","twitter_misc":{"\u00c9crit par":"Chema Ichaso","Dur\u00e9e de lecture estim\u00e9e":"1 minute"},"schema":{"@context":"https:\/\/schema.org","@graph":[{"@type":"Article","@id":"https:\/\/kyrya.es\/fr\/sala-bano-nous-consacre-un-rapport-dans-son-dernier-numero\/#article","isPartOf":{"@id":"https:\/\/kyrya.es\/fr\/sala-bano-nous-consacre-un-rapport-dans-son-dernier-numero\/"},"author":{"name":"Chema Ichaso","@id":"https:\/\/kyrya.es\/#\/schema\/person\/c5551814ec46a7369b22fd0777f50a6b"},"headline":"Sala Ba\u00f1o nous consacre un rapport dans son dernier num\u00e9ro","datePublished":"2019-07-08T08:20:30+00:00","dateModified":"2024-12-17T16:20:17+00:00","mainEntityOfPage":{"@id":"https:\/\/kyrya.es\/fr\/sala-bano-nous-consacre-un-rapport-dans-son-dernier-numero\/"},"wordCount":157,"publisher":{"@id":"https:\/\/kyrya.es\/#organization"},"image":{"@id":"https:\/\/kyrya.es\/fr\/sala-bano-nous-consacre-un-rapport-dans-son-dernier-numero\/#primaryimage"},"thumbnailUrl":"https:\/\/kyrya.es\/wp-content\/uploads\/kyrya_salabano205_destacada.jpg","keywords":["Groupe Kyrya","Salle de bain","Interview","Rapport"],"articleSection":["Main"],"inLanguage":"fr-FR"},{"@type":"WebPage","@id":"https:\/\/kyrya.es\/fr\/sala-bano-nous-consacre-un-rapport-dans-son-dernier-numero\/","url":"https:\/\/kyrya.es\/fr\/sala-bano-nous-consacre-un-rapport-dans-son-dernier-numero\/","name":"Sala Ba\u00f1o nous consacre un rapport dans son dernier num\u00e9ro - Kyrya","isPartOf":{"@id":"https:\/\/kyrya.es\/#website"},"primaryImageOfPage":{"@id":"https:\/\/kyrya.es\/fr\/sala-bano-nous-consacre-un-rapport-dans-son-dernier-numero\/#primaryimage"},"image":{"@id":"https:\/\/kyrya.es\/fr\/sala-bano-nous-consacre-un-rapport-dans-son-dernier-numero\/#primaryimage"},"thumbnailUrl":"https:\/\/kyrya.es\/wp-content\/uploads\/kyrya_salabano205_destacada.jpg","datePublished":"2019-07-08T08:20:30+00:00","dateModified":"2024-12-17T16:20:17+00:00","description":"Le magazine Sala Ba\u00f1o, r\u00e9f\u00e9rence et point de rencontre du secteur, a publi\u00e9 un rapport d\u00e9taill\u00e9 sur Kyrya Group dans ses pages centrales de son 205e","breadcrumb":{"@id":"https:\/\/kyrya.es\/fr\/sala-bano-nous-consacre-un-rapport-dans-son-dernier-numero\/#breadcrumb"},"inLanguage":"fr-FR","potentialAction":[{"@type":"ReadAction","target":["https:\/\/kyrya.es\/fr\/sala-bano-nous-consacre-un-rapport-dans-son-dernier-numero\/"]}]},{"@type":"ImageObject","inLanguage":"fr-FR","@id":"https:\/\/kyrya.es\/fr\/sala-bano-nous-consacre-un-rapport-dans-son-dernier-numero\/#primaryimage","url":"https:\/\/kyrya.es\/wp-content\/uploads\/kyrya_salabano205_destacada.jpg","contentUrl":"https:\/\/kyrya.es\/wp-content\/uploads\/kyrya_salabano205_destacada.jpg","width":240,"height":240},{"@type":"BreadcrumbList","@id":"https:\/\/kyrya.es\/fr\/sala-bano-nous-consacre-un-rapport-dans-son-dernier-numero\/#breadcrumb","itemListElement":[{"@type":"ListItem","position":1,"name":"Kyrya","item":"https:\/\/kyrya.es\/fr\/"},{"@type":"ListItem","position":2,"name":"Sala Ba\u00f1o nous consacre un rapport dans son dernier num\u00e9ro"}]},{"@type":"WebSite","@id":"https:\/\/kyrya.es\/#website","url":"https:\/\/kyrya.es\/","name":"Kyrya","description":"Mobiliario de ba\u00f1o a medida","publisher":{"@id":"https:\/\/kyrya.es\/#organization"},"potentialAction":[{"@type":"SearchAction","target":{"@type":"EntryPoint","urlTemplate":"https:\/\/kyrya.es\/?s={search_term_string}"},"query-input":{"@type":"PropertyValueSpecification","valueRequired":true,"valueName":"search_term_string"}}],"inLanguage":"fr-FR"},{"@type":"Organization","@id":"https:\/\/kyrya.es\/#organization","name":"Kyrya","url":"https:\/\/kyrya.es\/","logo":{"@type":"ImageObject","inLanguage":"fr-FR","@id":"https:\/\/kyrya.es\/#\/schema\/logo\/image\/","url":"https:\/\/kyrya.es\/wp-content\/uploads\/logo-kyrya.svg","contentUrl":"https:\/\/kyrya.es\/wp-content\/uploads\/logo-kyrya.svg","width":"1280","height":"900","caption":"Kyrya"},"image":{"@id":"https:\/\/kyrya.es\/#\/schema\/logo\/image\/"},"sameAs":["https:\/\/www.facebook.com\/kyrya.es","https:\/\/www.instagram.com\/kyrya.es\/","https:\/\/www.linkedin.com\/company\/kyrya\/","https:\/\/es.pinterest.com\/kyrya_es\/"]},{"@type":"Person","@id":"https:\/\/kyrya.es\/#\/schema\/person\/c5551814ec46a7369b22fd0777f50a6b","name":"Chema Ichaso","image":{"@type":"ImageObject","inLanguage":"fr-FR","@id":"https:\/\/secure.gravatar.com\/avatar\/52b13a31d3d1870d167c450fdedc1e3f118b5fda06f5e5564975585b1a89a5a7?s=96&d=mm&r=g","url":"https:\/\/secure.gravatar.com\/avatar\/52b13a31d3d1870d167c450fdedc1e3f118b5fda06f5e5564975585b1a89a5a7?s=96&d=mm&r=g","contentUrl":"https:\/\/secure.gravatar.com\/avatar\/52b13a31d3d1870d167c450fdedc1e3f118b5fda06f5e5564975585b1a89a5a7?s=96&d=mm&r=g","caption":"Chema Ichaso"}}]}},"_links":{"self":[{"href":"https:\/\/kyrya.es\/fr\/wp-json\/wp\/v2\/posts\/76607","targetHints":{"allow":["GET"]}}],"collection":[{"href":"https:\/\/kyrya.es\/fr\/wp-json\/wp\/v2\/posts"}],"about":[{"href":"https:\/\/kyrya.es\/fr\/wp-json\/wp\/v2\/types\/post"}],"author":[{"embeddable":true,"href":"https:\/\/kyrya.es\/fr\/wp-json\/wp\/v2\/users\/3"}],"replies":[{"embeddable":true,"href":"https:\/\/kyrya.es\/fr\/wp-json\/wp\/v2\/comments?post=76607"}],"version-history":[{"count":1,"href":"https:\/\/kyrya.es\/fr\/wp-json\/wp\/v2\/posts\/76607\/revisions"}],"predecessor-version":[{"id":76608,"href":"https:\/\/kyrya.es\/fr\/wp-json\/wp\/v2\/posts\/76607\/revisions\/76608"}],"wp:featuredmedia":[{"embeddable":true,"href":"https:\/\/kyrya.es\/fr\/wp-json\/wp\/v2\/media\/14986"}],"wp:attachment":[{"href":"https:\/\/kyrya.es\/fr\/wp-json\/wp\/v2\/media?parent=76607"}],"wp:term":[{"taxonomy":"category","embeddable":true,"href":"https:\/\/kyrya.es\/fr\/wp-json\/wp\/v2\/categories?post=76607"},{"taxonomy":"post_tag","embeddable":true,"href":"https:\/\/kyrya.es\/fr\/wp-json\/wp\/v2\/tags?post=76607"}],"curies":[{"name":"wp","href":"https:\/\/api.w.org\/{rel}","templated":true}]}}