{"id":76742,"date":"2021-12-29T13:36:43","date_gmt":"2021-12-29T12:36:43","guid":{"rendered":"https:\/\/2024.kyrya.es\/presentation-de-notre-collection-de-miroirs-rafraichie\/"},"modified":"2024-12-20T12:42:07","modified_gmt":"2024-12-20T11:42:07","slug":"presentation-de-notre-collection-de-miroirs-rafraichie","status":"publish","type":"post","link":"https:\/\/kyrya.es\/fr\/presentation-de-notre-collection-de-miroirs-rafraichie\/","title":{"rendered":"Pr\u00e9sentation de notre collection de miroirs rafra\u00eechie"},"content":{"rendered":"\n<p>Nous sommes tr\u00e8s satisfaits des nouvelles caract\u00e9ristiques que nous avons int\u00e9gr\u00e9es dans <strong>notre nouveau catalogue technique<\/strong> et, apr\u00e8s avoir approfondi l\u2019aspect sophistiqu\u00e9 offert <a href=\"https:\/\/kyrya.es\/frentes-vitrina-un-nuevo-look-para-el-mobiliario-kyrya\/\" target=\"_blank\" rel=\"noreferrer noopener\">par les fa\u00e7ades des vitrines dans cet article<\/a>, il est maintenant temps de passer en revue notre <a href=\"https:\/\/kyrya.es\/fr\/categorie-produit\/miroirs\/\"><strong>collection renouvel\u00e9e de miroirs<\/strong><\/a>.<\/p>\n\n<p>Mais avant d\u2019entrer dans le vif du sujet, nous vous rappelons que <strong>vous pouvez consulter en d\u00e9tail toutes les sp\u00e9cifications<\/strong> de chacun des produits dont nous allons parler, ainsi que tout autre qui vous int\u00e9resse, <strong>dans notre nouvel espace professionnel <a href=\"https:\/\/pro.kyryagroup.com\/\">via ce lien<\/a><\/strong>.<\/p>\n\n<div style=\"height:20px\" aria-hidden=\"true\" class=\"wp-block-spacer\"><\/div>\n\n<div class=\"wp-block-image\"><figure class=\"aligncenter size-full\"><img loading=\"lazy\" decoding=\"async\" width=\"768\" height=\"768\" src=\"https:\/\/kyrya.es\/wp-content\/uploads\/KYRYA-DET-ESPEJO-1-CMYK-copia.jpg\" alt=\"\" class=\"wp-image-50298\" srcset=\"https:\/\/kyrya.es\/wp-content\/uploads\/KYRYA-DET-ESPEJO-1-CMYK-copia.jpg 768w, https:\/\/kyrya.es\/wp-content\/uploads\/KYRYA-DET-ESPEJO-1-CMYK-copia-400x400.jpg 400w, https:\/\/kyrya.es\/wp-content\/uploads\/KYRYA-DET-ESPEJO-1-CMYK-copia-240x240.jpg 240w\" sizes=\"auto, (max-width: 768px) 100vw, 768px\" \/><figcaption><meta charset=\"utf-8\"\/>Miroir Infinity Line<\/figcaption><\/figure><\/div>\n\n<div style=\"height:20px\" aria-hidden=\"true\" class=\"wp-block-spacer\"><\/div>\n\n<p>En ce qui concerne les nouvelles fonctionnalit\u00e9s, il n\u2019y a pas de meilleur point de d\u00e9part que les miroirs <strong><a href=\"\/?categoria_producto=coleccion-infinity-led\" target=\"_blank\" rel=\"noreferrer noopener\">Infinity Led<\/a><\/strong>. Son principal attrait r\u00e9side dans sa simplicit\u00e9, ainsi que <strong>dans sa polyvalence et son \u00e9clairage int\u00e9gr\u00e9<\/strong>.   <\/p>\n\n<p>Sa large applique murale LED, qui occupe toute la largeur du miroir dans le mod\u00e8le <strong>haut de gamme Infinity<\/strong> et est encadr\u00e9e \u00e0 l\u2019int\u00e9rieur de celui-ci dans le mod\u00e8le <strong>de la ligne Infinity<\/strong>, est l\u2019une de ses principales caract\u00e9ristiques, qui font de ces miroirs une proposition id\u00e9ale quel que soit le type de salle de bains o\u00f9 il va \u00eatre plac\u00e9.<\/p>\n\n<div style=\"height:20px\" aria-hidden=\"true\" class=\"wp-block-spacer\"><\/div>\n\n<div class=\"wp-block-image\"><figure class=\"aligncenter size-full\"><img loading=\"lazy\" decoding=\"async\" width=\"768\" height=\"839\" src=\"https:\/\/kyrya.es\/wp-content\/uploads\/infinity.jpg\" alt=\"\" class=\"wp-image-55157\" srcset=\"https:\/\/kyrya.es\/wp-content\/uploads\/infinity.jpg 768w, https:\/\/kyrya.es\/wp-content\/uploads\/infinity-366x400.jpg 366w\" sizes=\"auto, (max-width: 768px) 100vw, 768px\" \/><figcaption>Miroir sup\u00e9rieur Infinity<\/figcaption><\/figure><\/div>\n\n<p>Ensuite, <strong>nous entrons pleinement dans les collections Frame et Forms<\/strong>, dont les mod\u00e8les sont disponibles en diff\u00e9rentes tailles et int\u00e8grent \u00e9galement un ensemble de technologies particuli\u00e8rement utiles, telles que le r\u00e9tro\u00e9clairage LED ou la plaque anti-bu\u00e9e. Vous pouvez v\u00e9rifier toutes les options disponibles pour personnaliser chaque mod\u00e8le, dans les fiches techniques que vous trouverez dans <a href=\"https:\/\/pro.kyryagroup.com\/\">l\u2019espace professionnel<\/a>.   <\/p>\n\n<p>La <a href=\"\/?categoria_producto=coleccion-frame\"><strong>collection Frame<\/strong><\/a> est parfaite pour les amateurs de formes rectangulaires, hexagonales et m\u00eame octogonales, le tout encadr\u00e9 par <strong>un cadre noir fin et \u00e9l\u00e9gant<\/strong>, qui rend ces miroirs imm\u00e9diatement reconnaissables. Et si vous \u00eates \u00e0 la recherche d\u2019un miroir rond avec ce m\u00eame cadre, vous le trouverez bien s\u00fbr \u00e9galement dans cette collection. <\/p>\n\n<div style=\"height:20px\" aria-hidden=\"true\" class=\"wp-block-spacer\"><\/div>\n\n<figure class=\"wp-block-gallery columns-3 is-cropped wp-block-gallery-1 is-layout-flex wp-block-gallery-is-layout-flex\"><ul class=\"blocks-gallery-grid\"><li class=\"blocks-gallery-item\"><figure><img loading=\"lazy\" decoding=\"async\" width=\"768\" height=\"691\" src=\"https:\/\/kyrya.es\/wp-content\/uploads\/FRAME-HEXAGONAL-1.jpg\" alt=\"\" data-id=\"55137\" data-full-url=\"https:\/\/kyrya.es\/wp-content\/uploads\/FRAME-HEXAGONAL-1.jpg\" data-link=\"https:\/\/kyrya.es\/frame-hexagonal-2\/\" class=\"wp-image-55137\" srcset=\"https:\/\/kyrya.es\/wp-content\/uploads\/FRAME-HEXAGONAL-1.jpg 768w, https:\/\/kyrya.es\/wp-content\/uploads\/FRAME-HEXAGONAL-1-400x360.jpg 400w\" sizes=\"auto, (max-width: 768px) 100vw, 768px\" \/><\/figure><\/li><li class=\"blocks-gallery-item\"><figure><img loading=\"lazy\" decoding=\"async\" width=\"768\" height=\"691\" src=\"https:\/\/kyrya.es\/wp-content\/uploads\/FRAME-REDONDO-1.jpg\" alt=\"\" data-id=\"55152\" data-full-url=\"https:\/\/kyrya.es\/wp-content\/uploads\/FRAME-REDONDO-1.jpg\" data-link=\"https:\/\/kyrya.es\/frame-redondo-2\/\" class=\"wp-image-55152\" srcset=\"https:\/\/kyrya.es\/wp-content\/uploads\/FRAME-REDONDO-1.jpg 768w, https:\/\/kyrya.es\/wp-content\/uploads\/FRAME-REDONDO-1-400x360.jpg 400w\" sizes=\"auto, (max-width: 768px) 100vw, 768px\" \/><\/figure><\/li><li class=\"blocks-gallery-item\"><figure><img loading=\"lazy\" decoding=\"async\" width=\"768\" height=\"691\" src=\"https:\/\/kyrya.es\/wp-content\/uploads\/FRAME-RECTANGULAR-1.jpg\" alt=\"\" data-id=\"55147\" data-full-url=\"https:\/\/kyrya.es\/wp-content\/uploads\/FRAME-RECTANGULAR-1.jpg\" data-link=\"https:\/\/kyrya.es\/frame-rectangular-2\/\" class=\"wp-image-55147\" srcset=\"https:\/\/kyrya.es\/wp-content\/uploads\/FRAME-RECTANGULAR-1.jpg 768w, https:\/\/kyrya.es\/wp-content\/uploads\/FRAME-RECTANGULAR-1-400x360.jpg 400w\" sizes=\"auto, (max-width: 768px) 100vw, 768px\" \/><\/figure><\/li><li class=\"blocks-gallery-item\"><figure><img loading=\"lazy\" decoding=\"async\" width=\"768\" height=\"691\" src=\"https:\/\/kyrya.es\/wp-content\/uploads\/FRAME-octogonal-sin-led-1.jpg\" alt=\"\" data-id=\"55142\" data-full-url=\"https:\/\/kyrya.es\/wp-content\/uploads\/FRAME-octogonal-sin-led-1.jpg\" data-link=\"https:\/\/kyrya.es\/frame-octogonal-sin-led-2\/\" class=\"wp-image-55142\" srcset=\"https:\/\/kyrya.es\/wp-content\/uploads\/FRAME-octogonal-sin-led-1.jpg 768w, https:\/\/kyrya.es\/wp-content\/uploads\/FRAME-octogonal-sin-led-1-400x360.jpg 400w\" sizes=\"auto, (max-width: 768px) 100vw, 768px\" \/><\/figure><\/li><\/ul><figcaption class=\"blocks-gallery-caption\">Collection de cadres<\/figcaption><\/figure>\n\n<div style=\"height:20px\" aria-hidden=\"true\" class=\"wp-block-spacer\"><\/div>\n\n<p>En ce qui concerne la <a href=\"\/?categoria_producto=coleccion-formas\"><strong>collection Forms<\/strong><\/a>, nous dirons qu\u2019il s\u2019agit de faire un pas de plus pour <strong>sortir des cadres et oser essayer une diversit\u00e9 de formes<\/strong> parmi lesquelles, en plus des formes g\u00e9om\u00e9triques ou arrondies, il y a celles qui combinent les deux, comme c\u2019est le cas du d\u00e9licat mod\u00e8le Always. <strong>Les designs irr\u00e9guliers ont \u00e9galement leur place ici<\/strong>, comme c\u2019est le cas avec le rock 21 et les mod\u00e8les sail, d\u00e9finitivement r\u00e9volutionnaires et surprenants.<\/p>\n\n<div style=\"height:20px\" aria-hidden=\"true\" class=\"wp-block-spacer\"><\/div>\n\n<div class=\"wp-block-image\"><figure class=\"aligncenter size-full\"><img loading=\"lazy\" decoding=\"async\" width=\"768\" height=\"849\" src=\"https:\/\/kyrya.es\/wp-content\/uploads\/ESPEJO-ALWAYS-ALTA-1.jpg\" alt=\"\" class=\"wp-image-55182\" srcset=\"https:\/\/kyrya.es\/wp-content\/uploads\/ESPEJO-ALWAYS-ALTA-1.jpg 768w, https:\/\/kyrya.es\/wp-content\/uploads\/ESPEJO-ALWAYS-ALTA-1-362x400.jpg 362w\" sizes=\"auto, (max-width: 768px) 100vw, 768px\" \/><\/figure><\/div>\n\n<figure class=\"wp-block-gallery columns-3 is-cropped wp-block-gallery-2 is-layout-flex wp-block-gallery-is-layout-flex\"><ul class=\"blocks-gallery-grid\"><li class=\"blocks-gallery-item\"><figure><img loading=\"lazy\" decoding=\"async\" width=\"768\" height=\"691\" src=\"https:\/\/kyrya.es\/wp-content\/uploads\/ROCK-1.jpg\" alt=\"\" data-id=\"55197\" data-full-url=\"https:\/\/kyrya.es\/wp-content\/uploads\/ROCK-1.jpg\" data-link=\"https:\/\/kyrya.es\/rock-2\/\" class=\"wp-image-55197\" srcset=\"https:\/\/kyrya.es\/wp-content\/uploads\/ROCK-1.jpg 768w, https:\/\/kyrya.es\/wp-content\/uploads\/ROCK-1-400x360.jpg 400w\" sizes=\"auto, (max-width: 768px) 100vw, 768px\" \/><\/figure><\/li><li class=\"blocks-gallery-item\"><figure><img loading=\"lazy\" decoding=\"async\" width=\"768\" height=\"691\" src=\"https:\/\/kyrya.es\/wp-content\/uploads\/RISE-1.jpg\" alt=\"\" data-id=\"55192\" data-full-url=\"https:\/\/kyrya.es\/wp-content\/uploads\/RISE-1.jpg\" data-link=\"https:\/\/kyrya.es\/rise-2\/\" class=\"wp-image-55192\" srcset=\"https:\/\/kyrya.es\/wp-content\/uploads\/RISE-1.jpg 768w, https:\/\/kyrya.es\/wp-content\/uploads\/RISE-1-400x360.jpg 400w\" sizes=\"auto, (max-width: 768px) 100vw, 768px\" \/><\/figure><\/li><li class=\"blocks-gallery-item\"><figure><img loading=\"lazy\" decoding=\"async\" width=\"768\" height=\"691\" src=\"https:\/\/kyrya.es\/wp-content\/uploads\/HEXAGONAL-1.jpg\" alt=\"\" data-id=\"55187\" data-full-url=\"https:\/\/kyrya.es\/wp-content\/uploads\/HEXAGONAL-1.jpg\" data-link=\"https:\/\/kyrya.es\/hexagonal-2\/\" class=\"wp-image-55187\" srcset=\"https:\/\/kyrya.es\/wp-content\/uploads\/HEXAGONAL-1.jpg 768w, https:\/\/kyrya.es\/wp-content\/uploads\/HEXAGONAL-1-400x360.jpg 400w\" sizes=\"auto, (max-width: 768px) 100vw, 768px\" \/><\/figure><\/li><\/ul><figcaption class=\"blocks-gallery-caption\">Collection de formulaires<\/figcaption><\/figure>\n\n<div style=\"height:20px\" aria-hidden=\"true\" class=\"wp-block-spacer\"><\/div>\n\n<p>Une autre des surprises que nous pr\u00e9sentons est l\u2019incorporation de <strong><a href=\"\/?categoria_producto=coleccion-pendent\" target=\"_blank\" rel=\"noreferrer noopener\">la collection Pendent<\/a><\/strong>, ou notre engagement dans le charme des miroirs suspendus soit par un mince ruban de cuir assorti au miroir, soit fix\u00e9s au plafond dans un exercice de changement total de perspective.<\/p>\n\n<div style=\"height:20px\" aria-hidden=\"true\" class=\"wp-block-spacer\"><\/div>\n\n<div class=\"wp-block-image\"><figure class=\"aligncenter size-full\"><img loading=\"lazy\" decoding=\"async\" width=\"768\" height=\"691\" src=\"https:\/\/kyrya.es\/wp-content\/uploads\/ESPEJO-COLGADO-SIN-LED-1.jpg\" alt=\"\" class=\"wp-image-55167\" srcset=\"https:\/\/kyrya.es\/wp-content\/uploads\/ESPEJO-COLGADO-SIN-LED-1.jpg 768w, https:\/\/kyrya.es\/wp-content\/uploads\/ESPEJO-COLGADO-SIN-LED-1-400x360.jpg 400w\" sizes=\"auto, (max-width: 768px) 100vw, 768px\" \/><\/figure><\/div>\n\n<figure class=\"wp-block-gallery columns-2 is-cropped wp-block-gallery-3 is-layout-flex wp-block-gallery-is-layout-flex\"><ul class=\"blocks-gallery-grid\"><li class=\"blocks-gallery-item\"><figure><img loading=\"lazy\" decoding=\"async\" width=\"768\" height=\"691\" src=\"https:\/\/kyrya.es\/wp-content\/uploads\/NADIA-2-1.jpg\" alt=\"\" data-id=\"55177\" data-full-url=\"https:\/\/kyrya.es\/wp-content\/uploads\/NADIA-2-1.jpg\" data-link=\"https:\/\/kyrya.es\/nadia-2-2\/\" class=\"wp-image-55177\" srcset=\"https:\/\/kyrya.es\/wp-content\/uploads\/NADIA-2-1.jpg 768w, https:\/\/kyrya.es\/wp-content\/uploads\/NADIA-2-1-400x360.jpg 400w\" sizes=\"auto, (max-width: 768px) 100vw, 768px\" \/><\/figure><\/li><li class=\"blocks-gallery-item\"><figure><img loading=\"lazy\" decoding=\"async\" width=\"768\" height=\"691\" src=\"https:\/\/kyrya.es\/wp-content\/uploads\/INDIA-2-1.jpg\" alt=\"\" data-id=\"55172\" data-full-url=\"https:\/\/kyrya.es\/wp-content\/uploads\/INDIA-2-1.jpg\" data-link=\"https:\/\/kyrya.es\/india-2-2\/\" class=\"wp-image-55172\" srcset=\"https:\/\/kyrya.es\/wp-content\/uploads\/INDIA-2-1.jpg 768w, https:\/\/kyrya.es\/wp-content\/uploads\/INDIA-2-1-400x360.jpg 400w\" sizes=\"auto, (max-width: 768px) 100vw, 768px\" \/><\/figure><\/li><\/ul><figcaption class=\"blocks-gallery-caption\">Collection de pendentifs<\/figcaption><\/figure>\n\n<div style=\"height:20px\" aria-hidden=\"true\" class=\"wp-block-spacer\"><\/div>\n\n<p>Ainsi, que vous aimiez les propositions classiques ou minimalistes, ou que vous pr\u00e9f\u00e9riez les designs les plus avant-gardistes et audacieux, <strong>chez Kyrya, vous trouverez une proposition qui s\u2019adaptera s\u00fbrement \u00e0 vos go\u00fbts<\/strong> et aux exigences de tout projet.<\/p>\n\n<p>Nous vous invitons \u00e0 visiter notre section d\u00e9di\u00e9e aux <a href=\"https:\/\/kyrya.es\/fr\/categorie-produit\/miroirs\/\">diff\u00e9rentes collections de miroirs<\/a> pour en savoir plus \u00e0 leur sujet, ainsi qu\u2019\u00e0 <a href=\"https:\/\/pro.kyryagroup.com\/catalogos\/\">t\u00e9l\u00e9charger le nouveau catalogue technique<\/a> afin de ne manquer aucune des nouvelles fonctionnalit\u00e9s que nous avons int\u00e9gr\u00e9es dans toute la gamme de produits Kyrya.<\/p>\n\n<div style=\"height:20px\" aria-hidden=\"true\" class=\"wp-block-spacer\"><\/div>\n\n<blockquote class=\"wp-block-quote is-layout-flow wp-block-quote-is-layout-flow\"><p>#DesignAttitude<\/p><\/blockquote>\n","protected":false},"excerpt":{"rendered":"<p>Nous sommes tr\u00e8s satisfaits des nouvelles caract\u00e9ristiques que nous avons int\u00e9gr\u00e9es dans notre nouveau catalogue technique et, apr\u00e8s avoir approfondi l\u2019aspect sophistiqu\u00e9 offert par les fa\u00e7ades des vitrines dans cet [&#8230;]<\/p>\n","protected":false},"author":3,"featured_media":55169,"comment_status":"closed","ping_status":"closed","sticky":false,"template":"","format":"standard","meta":{"_acf_changed":false,"inline_featured_image":false,"footnotes":""},"categories":[114],"tags":[1594,1600,1601,1602,1530,1543,1554],"class_list":["post-76742","post","type-post","status-publish","format-standard","has-post-thumbnail","hentry","category-main-fr","tag-meubles-design","tag-design-de-salle-de-bains","tag-miroirs-de-salle-de-bain","tag-nouvelle-collection-de-miroirs-de-salle-de-bain","tag-kyrya-fr","tag-equipement-de-salle-de-bain","tag-mobilier-de-salle-de-bain-sur-mesure-fr"],"acf":[],"yoast_head":"<!-- This site is optimized with the Yoast SEO plugin v27.5 - https:\/\/yoast.com\/product\/yoast-seo-wordpress\/ -->\n<title>Pr\u00e9sentation de notre collection de miroirs rafra\u00eechie - Kyrya<\/title>\n<meta name=\"description\" content=\"Nous sommes tr\u00e8s satisfaits des nouvelles caract\u00e9ristiques que nous avons int\u00e9gr\u00e9es dans notre nouveau catalogue technique et, apr\u00e8s avoir approfondi\" \/>\n<meta name=\"robots\" content=\"index, follow, max-snippet:-1, max-image-preview:large, max-video-preview:-1\" \/>\n<link rel=\"canonical\" href=\"https:\/\/kyrya.es\/fr\/presentation-de-notre-collection-de-miroirs-rafraichie\/\" \/>\n<meta property=\"og:locale\" content=\"fr_FR\" \/>\n<meta property=\"og:type\" content=\"article\" \/>\n<meta property=\"og:title\" content=\"Pr\u00e9sentation de notre collection de miroirs rafra\u00eechie - Kyrya\" \/>\n<meta property=\"og:description\" content=\"Nous sommes tr\u00e8s satisfaits des nouvelles caract\u00e9ristiques que nous avons int\u00e9gr\u00e9es dans notre nouveau catalogue technique et, apr\u00e8s avoir approfondi\" \/>\n<meta property=\"og:url\" content=\"https:\/\/kyrya.es\/fr\/presentation-de-notre-collection-de-miroirs-rafraichie\/\" \/>\n<meta property=\"og:site_name\" content=\"Kyrya\" \/>\n<meta property=\"article:publisher\" content=\"https:\/\/www.facebook.com\/kyrya.es\" \/>\n<meta property=\"article:published_time\" content=\"2021-12-29T12:36:43+00:00\" \/>\n<meta property=\"article:modified_time\" content=\"2024-12-20T11:42:07+00:00\" \/>\n<meta property=\"og:image\" content=\"https:\/\/kyrya.es\/wp-content\/uploads\/ESPEJO-COLGADO-SIN-LED-1.jpg\" \/>\n\t<meta property=\"og:image:width\" content=\"768\" \/>\n\t<meta property=\"og:image:height\" content=\"691\" \/>\n\t<meta property=\"og:image:type\" content=\"image\/jpeg\" \/>\n<meta name=\"author\" content=\"Chema Ichaso\" \/>\n<meta name=\"twitter:card\" content=\"summary_large_image\" \/>\n<meta name=\"twitter:label1\" content=\"\u00c9crit par\" \/>\n\t<meta name=\"twitter:data1\" content=\"Chema Ichaso\" \/>\n\t<meta name=\"twitter:label2\" content=\"Dur\u00e9e de lecture estim\u00e9e\" \/>\n\t<meta name=\"twitter:data2\" content=\"3 minutes\" \/>\n<script type=\"application\/ld+json\" class=\"yoast-schema-graph\">{\"@context\":\"https:\\\/\\\/schema.org\",\"@graph\":[{\"@type\":\"Article\",\"@id\":\"https:\\\/\\\/kyrya.es\\\/fr\\\/presentation-de-notre-collection-de-miroirs-rafraichie\\\/#article\",\"isPartOf\":{\"@id\":\"https:\\\/\\\/kyrya.es\\\/fr\\\/presentation-de-notre-collection-de-miroirs-rafraichie\\\/\"},\"author\":{\"name\":\"Chema Ichaso\",\"@id\":\"https:\\\/\\\/kyrya.es\\\/#\\\/schema\\\/person\\\/c5551814ec46a7369b22fd0777f50a6b\"},\"headline\":\"Pr\u00e9sentation de notre collection de miroirs rafra\u00eechie\",\"datePublished\":\"2021-12-29T12:36:43+00:00\",\"dateModified\":\"2024-12-20T11:42:07+00:00\",\"mainEntityOfPage\":{\"@id\":\"https:\\\/\\\/kyrya.es\\\/fr\\\/presentation-de-notre-collection-de-miroirs-rafraichie\\\/\"},\"wordCount\":590,\"publisher\":{\"@id\":\"https:\\\/\\\/kyrya.es\\\/#organization\"},\"image\":{\"@id\":\"https:\\\/\\\/kyrya.es\\\/fr\\\/presentation-de-notre-collection-de-miroirs-rafraichie\\\/#primaryimage\"},\"thumbnailUrl\":\"https:\\\/\\\/kyrya.es\\\/wp-content\\\/uploads\\\/ESPEJO-COLGADO-SIN-LED-1.jpg\",\"keywords\":[\"Meubles design\",\"Design de salle de bains\",\"Miroirs de salle de bain\",\"Nouvelle collection de miroirs de salle de bain\",\"Kyrya\",\"\u00c9quipement de salle de bain\",\"Mobilier de salle de bain sur mesure\"],\"articleSection\":[\"Main\"],\"inLanguage\":\"fr-FR\"},{\"@type\":\"WebPage\",\"@id\":\"https:\\\/\\\/kyrya.es\\\/fr\\\/presentation-de-notre-collection-de-miroirs-rafraichie\\\/\",\"url\":\"https:\\\/\\\/kyrya.es\\\/fr\\\/presentation-de-notre-collection-de-miroirs-rafraichie\\\/\",\"name\":\"Pr\u00e9sentation de notre collection de miroirs rafra\u00eechie - Kyrya\",\"isPartOf\":{\"@id\":\"https:\\\/\\\/kyrya.es\\\/#website\"},\"primaryImageOfPage\":{\"@id\":\"https:\\\/\\\/kyrya.es\\\/fr\\\/presentation-de-notre-collection-de-miroirs-rafraichie\\\/#primaryimage\"},\"image\":{\"@id\":\"https:\\\/\\\/kyrya.es\\\/fr\\\/presentation-de-notre-collection-de-miroirs-rafraichie\\\/#primaryimage\"},\"thumbnailUrl\":\"https:\\\/\\\/kyrya.es\\\/wp-content\\\/uploads\\\/ESPEJO-COLGADO-SIN-LED-1.jpg\",\"datePublished\":\"2021-12-29T12:36:43+00:00\",\"dateModified\":\"2024-12-20T11:42:07+00:00\",\"description\":\"Nous sommes tr\u00e8s satisfaits des nouvelles caract\u00e9ristiques que nous avons int\u00e9gr\u00e9es dans notre nouveau catalogue technique et, apr\u00e8s avoir approfondi\",\"breadcrumb\":{\"@id\":\"https:\\\/\\\/kyrya.es\\\/fr\\\/presentation-de-notre-collection-de-miroirs-rafraichie\\\/#breadcrumb\"},\"inLanguage\":\"fr-FR\",\"potentialAction\":[{\"@type\":\"ReadAction\",\"target\":[\"https:\\\/\\\/kyrya.es\\\/fr\\\/presentation-de-notre-collection-de-miroirs-rafraichie\\\/\"]}]},{\"@type\":\"ImageObject\",\"inLanguage\":\"fr-FR\",\"@id\":\"https:\\\/\\\/kyrya.es\\\/fr\\\/presentation-de-notre-collection-de-miroirs-rafraichie\\\/#primaryimage\",\"url\":\"https:\\\/\\\/kyrya.es\\\/wp-content\\\/uploads\\\/ESPEJO-COLGADO-SIN-LED-1.jpg\",\"contentUrl\":\"https:\\\/\\\/kyrya.es\\\/wp-content\\\/uploads\\\/ESPEJO-COLGADO-SIN-LED-1.jpg\",\"width\":768,\"height\":691},{\"@type\":\"BreadcrumbList\",\"@id\":\"https:\\\/\\\/kyrya.es\\\/fr\\\/presentation-de-notre-collection-de-miroirs-rafraichie\\\/#breadcrumb\",\"itemListElement\":[{\"@type\":\"ListItem\",\"position\":1,\"name\":\"Kyrya\",\"item\":\"https:\\\/\\\/kyrya.es\\\/fr\\\/\"},{\"@type\":\"ListItem\",\"position\":2,\"name\":\"Pr\u00e9sentation de notre collection de miroirs rafra\u00eechie\"}]},{\"@type\":\"WebSite\",\"@id\":\"https:\\\/\\\/kyrya.es\\\/#website\",\"url\":\"https:\\\/\\\/kyrya.es\\\/\",\"name\":\"Kyrya\",\"description\":\"Mobiliario de ba\u00f1o a medida\",\"publisher\":{\"@id\":\"https:\\\/\\\/kyrya.es\\\/#organization\"},\"potentialAction\":[{\"@type\":\"SearchAction\",\"target\":{\"@type\":\"EntryPoint\",\"urlTemplate\":\"https:\\\/\\\/kyrya.es\\\/?s={search_term_string}\"},\"query-input\":{\"@type\":\"PropertyValueSpecification\",\"valueRequired\":true,\"valueName\":\"search_term_string\"}}],\"inLanguage\":\"fr-FR\"},{\"@type\":\"Organization\",\"@id\":\"https:\\\/\\\/kyrya.es\\\/#organization\",\"name\":\"Kyrya\",\"url\":\"https:\\\/\\\/kyrya.es\\\/\",\"logo\":{\"@type\":\"ImageObject\",\"inLanguage\":\"fr-FR\",\"@id\":\"https:\\\/\\\/kyrya.es\\\/#\\\/schema\\\/logo\\\/image\\\/\",\"url\":\"https:\\\/\\\/kyrya.es\\\/wp-content\\\/uploads\\\/logo-kyrya.svg\",\"contentUrl\":\"https:\\\/\\\/kyrya.es\\\/wp-content\\\/uploads\\\/logo-kyrya.svg\",\"width\":\"1280\",\"height\":\"900\",\"caption\":\"Kyrya\"},\"image\":{\"@id\":\"https:\\\/\\\/kyrya.es\\\/#\\\/schema\\\/logo\\\/image\\\/\"},\"sameAs\":[\"https:\\\/\\\/www.facebook.com\\\/kyrya.es\",\"https:\\\/\\\/www.instagram.com\\\/kyrya.es\\\/\",\"https:\\\/\\\/www.linkedin.com\\\/company\\\/kyrya\\\/\",\"https:\\\/\\\/es.pinterest.com\\\/kyrya_es\\\/\"]},{\"@type\":\"Person\",\"@id\":\"https:\\\/\\\/kyrya.es\\\/#\\\/schema\\\/person\\\/c5551814ec46a7369b22fd0777f50a6b\",\"name\":\"Chema Ichaso\",\"image\":{\"@type\":\"ImageObject\",\"inLanguage\":\"fr-FR\",\"@id\":\"https:\\\/\\\/secure.gravatar.com\\\/avatar\\\/52b13a31d3d1870d167c450fdedc1e3f118b5fda06f5e5564975585b1a89a5a7?s=96&d=mm&r=g\",\"url\":\"https:\\\/\\\/secure.gravatar.com\\\/avatar\\\/52b13a31d3d1870d167c450fdedc1e3f118b5fda06f5e5564975585b1a89a5a7?s=96&d=mm&r=g\",\"contentUrl\":\"https:\\\/\\\/secure.gravatar.com\\\/avatar\\\/52b13a31d3d1870d167c450fdedc1e3f118b5fda06f5e5564975585b1a89a5a7?s=96&d=mm&r=g\",\"caption\":\"Chema Ichaso\"}}]}<\/script>\n<!-- \/ Yoast SEO plugin. -->","yoast_head_json":{"title":"Pr\u00e9sentation de notre collection de miroirs rafra\u00eechie - Kyrya","description":"Nous sommes tr\u00e8s satisfaits des nouvelles caract\u00e9ristiques que nous avons int\u00e9gr\u00e9es dans notre nouveau catalogue technique et, apr\u00e8s avoir approfondi","robots":{"index":"index","follow":"follow","max-snippet":"max-snippet:-1","max-image-preview":"max-image-preview:large","max-video-preview":"max-video-preview:-1"},"canonical":"https:\/\/kyrya.es\/fr\/presentation-de-notre-collection-de-miroirs-rafraichie\/","og_locale":"fr_FR","og_type":"article","og_title":"Pr\u00e9sentation de notre collection de miroirs rafra\u00eechie - Kyrya","og_description":"Nous sommes tr\u00e8s satisfaits des nouvelles caract\u00e9ristiques que nous avons int\u00e9gr\u00e9es dans notre nouveau catalogue technique et, apr\u00e8s avoir approfondi","og_url":"https:\/\/kyrya.es\/fr\/presentation-de-notre-collection-de-miroirs-rafraichie\/","og_site_name":"Kyrya","article_publisher":"https:\/\/www.facebook.com\/kyrya.es","article_published_time":"2021-12-29T12:36:43+00:00","article_modified_time":"2024-12-20T11:42:07+00:00","og_image":[{"width":768,"height":691,"url":"https:\/\/kyrya.es\/wp-content\/uploads\/ESPEJO-COLGADO-SIN-LED-1.jpg","type":"image\/jpeg"}],"author":"Chema Ichaso","twitter_card":"summary_large_image","twitter_misc":{"\u00c9crit par":"Chema Ichaso","Dur\u00e9e de lecture estim\u00e9e":"3 minutes"},"schema":{"@context":"https:\/\/schema.org","@graph":[{"@type":"Article","@id":"https:\/\/kyrya.es\/fr\/presentation-de-notre-collection-de-miroirs-rafraichie\/#article","isPartOf":{"@id":"https:\/\/kyrya.es\/fr\/presentation-de-notre-collection-de-miroirs-rafraichie\/"},"author":{"name":"Chema Ichaso","@id":"https:\/\/kyrya.es\/#\/schema\/person\/c5551814ec46a7369b22fd0777f50a6b"},"headline":"Pr\u00e9sentation de notre collection de miroirs rafra\u00eechie","datePublished":"2021-12-29T12:36:43+00:00","dateModified":"2024-12-20T11:42:07+00:00","mainEntityOfPage":{"@id":"https:\/\/kyrya.es\/fr\/presentation-de-notre-collection-de-miroirs-rafraichie\/"},"wordCount":590,"publisher":{"@id":"https:\/\/kyrya.es\/#organization"},"image":{"@id":"https:\/\/kyrya.es\/fr\/presentation-de-notre-collection-de-miroirs-rafraichie\/#primaryimage"},"thumbnailUrl":"https:\/\/kyrya.es\/wp-content\/uploads\/ESPEJO-COLGADO-SIN-LED-1.jpg","keywords":["Meubles design","Design de salle de bains","Miroirs de salle de bain","Nouvelle collection de miroirs de salle de bain","Kyrya","\u00c9quipement de salle de bain","Mobilier de salle de bain sur mesure"],"articleSection":["Main"],"inLanguage":"fr-FR"},{"@type":"WebPage","@id":"https:\/\/kyrya.es\/fr\/presentation-de-notre-collection-de-miroirs-rafraichie\/","url":"https:\/\/kyrya.es\/fr\/presentation-de-notre-collection-de-miroirs-rafraichie\/","name":"Pr\u00e9sentation de notre collection de miroirs rafra\u00eechie - Kyrya","isPartOf":{"@id":"https:\/\/kyrya.es\/#website"},"primaryImageOfPage":{"@id":"https:\/\/kyrya.es\/fr\/presentation-de-notre-collection-de-miroirs-rafraichie\/#primaryimage"},"image":{"@id":"https:\/\/kyrya.es\/fr\/presentation-de-notre-collection-de-miroirs-rafraichie\/#primaryimage"},"thumbnailUrl":"https:\/\/kyrya.es\/wp-content\/uploads\/ESPEJO-COLGADO-SIN-LED-1.jpg","datePublished":"2021-12-29T12:36:43+00:00","dateModified":"2024-12-20T11:42:07+00:00","description":"Nous sommes tr\u00e8s satisfaits des nouvelles caract\u00e9ristiques que nous avons int\u00e9gr\u00e9es dans notre nouveau catalogue technique et, apr\u00e8s avoir approfondi","breadcrumb":{"@id":"https:\/\/kyrya.es\/fr\/presentation-de-notre-collection-de-miroirs-rafraichie\/#breadcrumb"},"inLanguage":"fr-FR","potentialAction":[{"@type":"ReadAction","target":["https:\/\/kyrya.es\/fr\/presentation-de-notre-collection-de-miroirs-rafraichie\/"]}]},{"@type":"ImageObject","inLanguage":"fr-FR","@id":"https:\/\/kyrya.es\/fr\/presentation-de-notre-collection-de-miroirs-rafraichie\/#primaryimage","url":"https:\/\/kyrya.es\/wp-content\/uploads\/ESPEJO-COLGADO-SIN-LED-1.jpg","contentUrl":"https:\/\/kyrya.es\/wp-content\/uploads\/ESPEJO-COLGADO-SIN-LED-1.jpg","width":768,"height":691},{"@type":"BreadcrumbList","@id":"https:\/\/kyrya.es\/fr\/presentation-de-notre-collection-de-miroirs-rafraichie\/#breadcrumb","itemListElement":[{"@type":"ListItem","position":1,"name":"Kyrya","item":"https:\/\/kyrya.es\/fr\/"},{"@type":"ListItem","position":2,"name":"Pr\u00e9sentation de notre collection de miroirs rafra\u00eechie"}]},{"@type":"WebSite","@id":"https:\/\/kyrya.es\/#website","url":"https:\/\/kyrya.es\/","name":"Kyrya","description":"Mobiliario de ba\u00f1o a medida","publisher":{"@id":"https:\/\/kyrya.es\/#organization"},"potentialAction":[{"@type":"SearchAction","target":{"@type":"EntryPoint","urlTemplate":"https:\/\/kyrya.es\/?s={search_term_string}"},"query-input":{"@type":"PropertyValueSpecification","valueRequired":true,"valueName":"search_term_string"}}],"inLanguage":"fr-FR"},{"@type":"Organization","@id":"https:\/\/kyrya.es\/#organization","name":"Kyrya","url":"https:\/\/kyrya.es\/","logo":{"@type":"ImageObject","inLanguage":"fr-FR","@id":"https:\/\/kyrya.es\/#\/schema\/logo\/image\/","url":"https:\/\/kyrya.es\/wp-content\/uploads\/logo-kyrya.svg","contentUrl":"https:\/\/kyrya.es\/wp-content\/uploads\/logo-kyrya.svg","width":"1280","height":"900","caption":"Kyrya"},"image":{"@id":"https:\/\/kyrya.es\/#\/schema\/logo\/image\/"},"sameAs":["https:\/\/www.facebook.com\/kyrya.es","https:\/\/www.instagram.com\/kyrya.es\/","https:\/\/www.linkedin.com\/company\/kyrya\/","https:\/\/es.pinterest.com\/kyrya_es\/"]},{"@type":"Person","@id":"https:\/\/kyrya.es\/#\/schema\/person\/c5551814ec46a7369b22fd0777f50a6b","name":"Chema Ichaso","image":{"@type":"ImageObject","inLanguage":"fr-FR","@id":"https:\/\/secure.gravatar.com\/avatar\/52b13a31d3d1870d167c450fdedc1e3f118b5fda06f5e5564975585b1a89a5a7?s=96&d=mm&r=g","url":"https:\/\/secure.gravatar.com\/avatar\/52b13a31d3d1870d167c450fdedc1e3f118b5fda06f5e5564975585b1a89a5a7?s=96&d=mm&r=g","contentUrl":"https:\/\/secure.gravatar.com\/avatar\/52b13a31d3d1870d167c450fdedc1e3f118b5fda06f5e5564975585b1a89a5a7?s=96&d=mm&r=g","caption":"Chema Ichaso"}}]}},"_links":{"self":[{"href":"https:\/\/kyrya.es\/fr\/wp-json\/wp\/v2\/posts\/76742","targetHints":{"allow":["GET"]}}],"collection":[{"href":"https:\/\/kyrya.es\/fr\/wp-json\/wp\/v2\/posts"}],"about":[{"href":"https:\/\/kyrya.es\/fr\/wp-json\/wp\/v2\/types\/post"}],"author":[{"embeddable":true,"href":"https:\/\/kyrya.es\/fr\/wp-json\/wp\/v2\/users\/3"}],"replies":[{"embeddable":true,"href":"https:\/\/kyrya.es\/fr\/wp-json\/wp\/v2\/comments?post=76742"}],"version-history":[{"count":1,"href":"https:\/\/kyrya.es\/fr\/wp-json\/wp\/v2\/posts\/76742\/revisions"}],"predecessor-version":[{"id":76743,"href":"https:\/\/kyrya.es\/fr\/wp-json\/wp\/v2\/posts\/76742\/revisions\/76743"}],"wp:featuredmedia":[{"embeddable":true,"href":"https:\/\/kyrya.es\/fr\/wp-json\/wp\/v2\/media\/55169"}],"wp:attachment":[{"href":"https:\/\/kyrya.es\/fr\/wp-json\/wp\/v2\/media?parent=76742"}],"wp:term":[{"taxonomy":"category","embeddable":true,"href":"https:\/\/kyrya.es\/fr\/wp-json\/wp\/v2\/categories?post=76742"},{"taxonomy":"post_tag","embeddable":true,"href":"https:\/\/kyrya.es\/fr\/wp-json\/wp\/v2\/tags?post=76742"}],"curies":[{"name":"wp","href":"https:\/\/api.w.org\/{rel}","templated":true}]}}