{"id":76767,"date":"2021-09-21T09:11:59","date_gmt":"2021-09-21T07:11:59","guid":{"rendered":"https:\/\/2024.kyrya.es\/presentation-de-notre-catalogue-technique-2021\/"},"modified":"2024-12-20T12:51:45","modified_gmt":"2024-12-20T11:51:45","slug":"presentation-de-notre-catalogue-technique-2021","status":"publish","type":"post","link":"https:\/\/kyrya.es\/fr\/presentation-de-notre-catalogue-technique-2021\/","title":{"rendered":"Pr\u00e9sentation de notre catalogue technique 2021"},"content":{"rendered":"\n<div style=\"height:30px\" aria-hidden=\"true\" class=\"wp-block-spacer\"><\/div>\n\n<p>Nous sommes heureux de vous annoncer que <strong>les catalogues techniques 2021 de Kyrya et Durian<\/strong> sont maintenant disponibles, que vous pouvez t\u00e9l\u00e9charger <a href=\"https:\/\/kyrya.es\/fr\/?page_id=47375&amp;utm_source=blog&amp;utm_medium=kyrya&amp;utm_campaign=tarifa2021&amp;utm_id=tarifa2021\" target=\"_blank\" rel=\"noreferrer noopener\"><strong>sur ce lien<\/strong>.<\/a><\/p>\n\n<div style=\"height:20px\" aria-hidden=\"true\" class=\"wp-block-spacer\"><\/div>\n\n<div class=\"wp-block-image\"><figure class=\"aligncenter size-full\"><img loading=\"lazy\" decoding=\"async\" width=\"600\" height=\"643\" src=\"https:\/\/kyrya.es\/wp-content\/uploads\/blog_KYRYA-AMB2-TG-5000-CMYK-2.jpg\" alt=\"\" class=\"wp-image-47455\" srcset=\"https:\/\/kyrya.es\/wp-content\/uploads\/blog_KYRYA-AMB2-TG-5000-CMYK-2.jpg 600w, https:\/\/kyrya.es\/wp-content\/uploads\/blog_KYRYA-AMB2-TG-5000-CMYK-2-373x400.jpg 373w\" sizes=\"auto, (max-width: 600px) 100vw, 600px\" \/><\/figure><\/div>\n\n<div style=\"height:30px\" aria-hidden=\"true\" class=\"wp-block-spacer\"><\/div>\n\n<p>Dans le nouveau catalogue de Kyrya, <strong>vous trouverez de nombreux nouveaux produits<\/strong> qui, nous en sommes s\u00fbrs, susciteront votre int\u00e9r\u00eat et feront partie de <strong>vos prochains projets<\/strong>. <br\/>Comme les <strong>nouvelles fa\u00e7ades de vitrine,<\/strong> une collection de profil\u00e9s en m\u00e9tal noir avec tirette int\u00e9gr\u00e9e et verre fum\u00e9, qui s\u2019adapte \u00e0 pratiquement tous les meubles Kyrya en leur donnant <strong>un look nouveau et sophistiqu\u00e9<\/strong>.<\/p>\n\n<div style=\"height:30px\" aria-hidden=\"true\" class=\"wp-block-spacer\"><\/div>\n\n<div class=\"wp-block-image\"><figure class=\"aligncenter size-full\"><img loading=\"lazy\" decoding=\"async\" width=\"600\" height=\"600\" src=\"https:\/\/kyrya.es\/wp-content\/uploads\/w_KYRYA-AMB1-TG-5000-CMYK.jpg\" alt=\"\" class=\"wp-image-47401\" srcset=\"https:\/\/kyrya.es\/wp-content\/uploads\/w_KYRYA-AMB1-TG-5000-CMYK.jpg 600w, https:\/\/kyrya.es\/wp-content\/uploads\/w_KYRYA-AMB1-TG-5000-CMYK-400x400.jpg 400w, https:\/\/kyrya.es\/wp-content\/uploads\/w_KYRYA-AMB1-TG-5000-CMYK-240x240.jpg 240w\" sizes=\"auto, (max-width: 600px) 100vw, 600px\" \/><figcaption>Nouvelles fa\u00e7ades de vitrine<\/figcaption><\/figure><\/div>\n\n<p>Nous <strong>pr\u00e9sentons \u00e9galement des am\u00e9liorations dans nos bancs modulaires<\/strong>, auxquels nous avons ajout\u00e9 encore plus d\u2019options de personnalisation, et <strong>nous avons renouvel\u00e9 \u00e0 la fois notre collection de poign\u00e9es et de tirettes, ainsi que celle de miroirs<\/strong>, en vous offrant une s\u00e9lection minutieuse de nouveaux<strong>mod\u00e8les et esth\u00e9tiques<\/strong> qui s\u2019adapteront \u00e0 n\u2019importe quel style de salle de bains en lui donnant une personnalit\u00e9 unique.<\/p>\n\n<div style=\"height:30px\" aria-hidden=\"true\" class=\"wp-block-spacer\"><\/div>\n\n<div class=\"wp-block-image\"><figure class=\"aligncenter size-full\"><img loading=\"lazy\" decoding=\"async\" width=\"600\" height=\"663\" src=\"https:\/\/kyrya.es\/wp-content\/uploads\/w_ESPEJO-ALWAYS-ALTA_video.jpg\" alt=\"\" class=\"wp-image-47396\" srcset=\"https:\/\/kyrya.es\/wp-content\/uploads\/w_ESPEJO-ALWAYS-ALTA_video.jpg 600w, https:\/\/kyrya.es\/wp-content\/uploads\/w_ESPEJO-ALWAYS-ALTA_video-362x400.jpg 362w\" sizes=\"auto, (max-width: 600px) 100vw, 600px\" \/><figcaption>Mettre en miroir la nouvelle collection Forms<\/figcaption><\/figure><\/div>\n\n<p>En ce qui concerne le catalogue technique <strong>de Durian<\/strong>, nous r\u00e9sumons ce que vous pouvez trouver <a href=\"https:\/\/durian.es\/arrancamos-el-curso-con-novedades\/\" target=\"_blank\" rel=\"noreferrer noopener\">dans cet article<\/a>. <br\/><strong>Ce sont quelques-unes des principales nouveaut\u00e9s des catalogues<\/strong> techniques 2021, mais il y en a beaucoup plus parmi leurs pages !<\/p>\n\n<p>T\u00e9l\u00e9chargez-les d\u00e8s maintenant et d\u00e9couvrez toutes les nouveaut\u00e9s <a href=\"https:\/\/kyrya.es\/fr\/?page_id=47375&amp;utm_source=blog&amp;utm_medium=kyrya&amp;utm_campaign=tarifa2021&amp;utm_id=tarifa2021\" target=\"_blank\" rel=\"noreferrer noopener\"><strong>en cliquant ici<\/strong><\/a> !<\/p>\n","protected":false},"excerpt":{"rendered":"<p>Nous sommes heureux de vous annoncer que les catalogues techniques 2021 de Kyrya et Durian sont maintenant disponibles, que vous pouvez t\u00e9l\u00e9charger sur ce lien. Dans le nouveau catalogue de [&#8230;]<\/p>\n","protected":false},"author":3,"featured_media":47393,"comment_status":"closed","ping_status":"closed","sticky":false,"template":"","format":"standard","meta":{"_acf_changed":false,"inline_featured_image":false,"footnotes":""},"categories":[114],"tags":[1530,1554,1566,1574,1594,1615,1616,1617],"class_list":["post-76767","post","type-post","status-publish","format-standard","has-post-thumbnail","hentry","category-main-fr","tag-kyrya-fr","tag-mobilier-de-salle-de-bain-sur-mesure-fr","tag-concevoir","tag-tendances","tag-meubles-design","tag-meubles-de-salle-de-bain-sur-mesure","tag-nouveau-catalogue","tag-catalogue-2021"],"acf":[],"yoast_head":"<!-- This site is optimized with the Yoast SEO plugin v27.5 - https:\/\/yoast.com\/product\/yoast-seo-wordpress\/ -->\n<title>Pr\u00e9sentation de notre catalogue technique 2021 - Kyrya<\/title>\n<meta name=\"description\" content=\"Nous sommes heureux de vous annoncer que les catalogues techniques 2021 de Kyrya et Durian sont maintenant disponibles, que vous pouvez t\u00e9l\u00e9charger sur ce\" \/>\n<meta name=\"robots\" content=\"index, follow, max-snippet:-1, max-image-preview:large, max-video-preview:-1\" \/>\n<link rel=\"canonical\" href=\"https:\/\/kyrya.es\/fr\/presentation-de-notre-catalogue-technique-2021\/\" \/>\n<meta property=\"og:locale\" content=\"fr_FR\" \/>\n<meta property=\"og:type\" content=\"article\" \/>\n<meta property=\"og:title\" content=\"Pr\u00e9sentation de notre catalogue technique 2021 - Kyrya\" \/>\n<meta property=\"og:description\" content=\"Nous sommes heureux de vous annoncer que les catalogues techniques 2021 de Kyrya et Durian sont maintenant disponibles, que vous pouvez t\u00e9l\u00e9charger sur ce\" \/>\n<meta property=\"og:url\" content=\"https:\/\/kyrya.es\/fr\/presentation-de-notre-catalogue-technique-2021\/\" \/>\n<meta property=\"og:site_name\" content=\"Kyrya\" \/>\n<meta property=\"article:publisher\" content=\"https:\/\/www.facebook.com\/kyrya.es\" \/>\n<meta property=\"article:published_time\" content=\"2021-09-21T07:11:59+00:00\" \/>\n<meta property=\"article:modified_time\" content=\"2024-12-20T11:51:45+00:00\" \/>\n<meta property=\"og:image\" content=\"https:\/\/kyrya.es\/wp-content\/uploads\/w_NUEVO-CATALOGO-1-KYRYA.jpg\" \/>\n\t<meta property=\"og:image:width\" content=\"800\" \/>\n\t<meta property=\"og:image:height\" content=\"800\" \/>\n\t<meta property=\"og:image:type\" content=\"image\/jpeg\" \/>\n<meta name=\"author\" content=\"Chema Ichaso\" \/>\n<meta name=\"twitter:card\" content=\"summary_large_image\" \/>\n<meta name=\"twitter:label1\" content=\"\u00c9crit par\" \/>\n\t<meta name=\"twitter:data1\" content=\"Chema Ichaso\" \/>\n\t<meta name=\"twitter:label2\" content=\"Dur\u00e9e de lecture estim\u00e9e\" \/>\n\t<meta name=\"twitter:data2\" content=\"1 minute\" \/>\n<script type=\"application\/ld+json\" class=\"yoast-schema-graph\">{\"@context\":\"https:\\\/\\\/schema.org\",\"@graph\":[{\"@type\":\"Article\",\"@id\":\"https:\\\/\\\/kyrya.es\\\/fr\\\/presentation-de-notre-catalogue-technique-2021\\\/#article\",\"isPartOf\":{\"@id\":\"https:\\\/\\\/kyrya.es\\\/fr\\\/presentation-de-notre-catalogue-technique-2021\\\/\"},\"author\":{\"name\":\"Chema Ichaso\",\"@id\":\"https:\\\/\\\/kyrya.es\\\/#\\\/schema\\\/person\\\/c5551814ec46a7369b22fd0777f50a6b\"},\"headline\":\"Pr\u00e9sentation de notre catalogue technique 2021\",\"datePublished\":\"2021-09-21T07:11:59+00:00\",\"dateModified\":\"2024-12-20T11:51:45+00:00\",\"mainEntityOfPage\":{\"@id\":\"https:\\\/\\\/kyrya.es\\\/fr\\\/presentation-de-notre-catalogue-technique-2021\\\/\"},\"wordCount\":240,\"publisher\":{\"@id\":\"https:\\\/\\\/kyrya.es\\\/#organization\"},\"image\":{\"@id\":\"https:\\\/\\\/kyrya.es\\\/fr\\\/presentation-de-notre-catalogue-technique-2021\\\/#primaryimage\"},\"thumbnailUrl\":\"https:\\\/\\\/kyrya.es\\\/wp-content\\\/uploads\\\/w_NUEVO-CATALOGO-1-KYRYA.jpg\",\"keywords\":[\"Kyrya\",\"Mobilier de salle de bain sur mesure\",\"Concevoir\",\"Tendances\",\"Meubles design\",\"Meubles de salle de bain sur mesure\",\"Nouveau catalogue\",\"Catalogue 2021\"],\"articleSection\":[\"Main\"],\"inLanguage\":\"fr-FR\"},{\"@type\":\"WebPage\",\"@id\":\"https:\\\/\\\/kyrya.es\\\/fr\\\/presentation-de-notre-catalogue-technique-2021\\\/\",\"url\":\"https:\\\/\\\/kyrya.es\\\/fr\\\/presentation-de-notre-catalogue-technique-2021\\\/\",\"name\":\"Pr\u00e9sentation de notre catalogue technique 2021 - Kyrya\",\"isPartOf\":{\"@id\":\"https:\\\/\\\/kyrya.es\\\/#website\"},\"primaryImageOfPage\":{\"@id\":\"https:\\\/\\\/kyrya.es\\\/fr\\\/presentation-de-notre-catalogue-technique-2021\\\/#primaryimage\"},\"image\":{\"@id\":\"https:\\\/\\\/kyrya.es\\\/fr\\\/presentation-de-notre-catalogue-technique-2021\\\/#primaryimage\"},\"thumbnailUrl\":\"https:\\\/\\\/kyrya.es\\\/wp-content\\\/uploads\\\/w_NUEVO-CATALOGO-1-KYRYA.jpg\",\"datePublished\":\"2021-09-21T07:11:59+00:00\",\"dateModified\":\"2024-12-20T11:51:45+00:00\",\"description\":\"Nous sommes heureux de vous annoncer que les catalogues techniques 2021 de Kyrya et Durian sont maintenant disponibles, que vous pouvez t\u00e9l\u00e9charger sur ce\",\"breadcrumb\":{\"@id\":\"https:\\\/\\\/kyrya.es\\\/fr\\\/presentation-de-notre-catalogue-technique-2021\\\/#breadcrumb\"},\"inLanguage\":\"fr-FR\",\"potentialAction\":[{\"@type\":\"ReadAction\",\"target\":[\"https:\\\/\\\/kyrya.es\\\/fr\\\/presentation-de-notre-catalogue-technique-2021\\\/\"]}]},{\"@type\":\"ImageObject\",\"inLanguage\":\"fr-FR\",\"@id\":\"https:\\\/\\\/kyrya.es\\\/fr\\\/presentation-de-notre-catalogue-technique-2021\\\/#primaryimage\",\"url\":\"https:\\\/\\\/kyrya.es\\\/wp-content\\\/uploads\\\/w_NUEVO-CATALOGO-1-KYRYA.jpg\",\"contentUrl\":\"https:\\\/\\\/kyrya.es\\\/wp-content\\\/uploads\\\/w_NUEVO-CATALOGO-1-KYRYA.jpg\",\"width\":800,\"height\":800},{\"@type\":\"BreadcrumbList\",\"@id\":\"https:\\\/\\\/kyrya.es\\\/fr\\\/presentation-de-notre-catalogue-technique-2021\\\/#breadcrumb\",\"itemListElement\":[{\"@type\":\"ListItem\",\"position\":1,\"name\":\"Kyrya\",\"item\":\"https:\\\/\\\/kyrya.es\\\/fr\\\/\"},{\"@type\":\"ListItem\",\"position\":2,\"name\":\"Pr\u00e9sentation de notre catalogue technique 2021\"}]},{\"@type\":\"WebSite\",\"@id\":\"https:\\\/\\\/kyrya.es\\\/#website\",\"url\":\"https:\\\/\\\/kyrya.es\\\/\",\"name\":\"Kyrya\",\"description\":\"Mobiliario de ba\u00f1o a medida\",\"publisher\":{\"@id\":\"https:\\\/\\\/kyrya.es\\\/#organization\"},\"potentialAction\":[{\"@type\":\"SearchAction\",\"target\":{\"@type\":\"EntryPoint\",\"urlTemplate\":\"https:\\\/\\\/kyrya.es\\\/?s={search_term_string}\"},\"query-input\":{\"@type\":\"PropertyValueSpecification\",\"valueRequired\":true,\"valueName\":\"search_term_string\"}}],\"inLanguage\":\"fr-FR\"},{\"@type\":\"Organization\",\"@id\":\"https:\\\/\\\/kyrya.es\\\/#organization\",\"name\":\"Kyrya\",\"url\":\"https:\\\/\\\/kyrya.es\\\/\",\"logo\":{\"@type\":\"ImageObject\",\"inLanguage\":\"fr-FR\",\"@id\":\"https:\\\/\\\/kyrya.es\\\/#\\\/schema\\\/logo\\\/image\\\/\",\"url\":\"https:\\\/\\\/kyrya.es\\\/wp-content\\\/uploads\\\/logo-kyrya.svg\",\"contentUrl\":\"https:\\\/\\\/kyrya.es\\\/wp-content\\\/uploads\\\/logo-kyrya.svg\",\"width\":\"1280\",\"height\":\"900\",\"caption\":\"Kyrya\"},\"image\":{\"@id\":\"https:\\\/\\\/kyrya.es\\\/#\\\/schema\\\/logo\\\/image\\\/\"},\"sameAs\":[\"https:\\\/\\\/www.facebook.com\\\/kyrya.es\",\"https:\\\/\\\/www.instagram.com\\\/kyrya.es\\\/\",\"https:\\\/\\\/www.linkedin.com\\\/company\\\/kyrya\\\/\",\"https:\\\/\\\/es.pinterest.com\\\/kyrya_es\\\/\"]},{\"@type\":\"Person\",\"@id\":\"https:\\\/\\\/kyrya.es\\\/#\\\/schema\\\/person\\\/c5551814ec46a7369b22fd0777f50a6b\",\"name\":\"Chema Ichaso\",\"image\":{\"@type\":\"ImageObject\",\"inLanguage\":\"fr-FR\",\"@id\":\"https:\\\/\\\/secure.gravatar.com\\\/avatar\\\/52b13a31d3d1870d167c450fdedc1e3f118b5fda06f5e5564975585b1a89a5a7?s=96&d=mm&r=g\",\"url\":\"https:\\\/\\\/secure.gravatar.com\\\/avatar\\\/52b13a31d3d1870d167c450fdedc1e3f118b5fda06f5e5564975585b1a89a5a7?s=96&d=mm&r=g\",\"contentUrl\":\"https:\\\/\\\/secure.gravatar.com\\\/avatar\\\/52b13a31d3d1870d167c450fdedc1e3f118b5fda06f5e5564975585b1a89a5a7?s=96&d=mm&r=g\",\"caption\":\"Chema Ichaso\"}}]}<\/script>\n<!-- \/ Yoast SEO plugin. -->","yoast_head_json":{"title":"Pr\u00e9sentation de notre catalogue technique 2021 - Kyrya","description":"Nous sommes heureux de vous annoncer que les catalogues techniques 2021 de Kyrya et Durian sont maintenant disponibles, que vous pouvez t\u00e9l\u00e9charger sur ce","robots":{"index":"index","follow":"follow","max-snippet":"max-snippet:-1","max-image-preview":"max-image-preview:large","max-video-preview":"max-video-preview:-1"},"canonical":"https:\/\/kyrya.es\/fr\/presentation-de-notre-catalogue-technique-2021\/","og_locale":"fr_FR","og_type":"article","og_title":"Pr\u00e9sentation de notre catalogue technique 2021 - Kyrya","og_description":"Nous sommes heureux de vous annoncer que les catalogues techniques 2021 de Kyrya et Durian sont maintenant disponibles, que vous pouvez t\u00e9l\u00e9charger sur ce","og_url":"https:\/\/kyrya.es\/fr\/presentation-de-notre-catalogue-technique-2021\/","og_site_name":"Kyrya","article_publisher":"https:\/\/www.facebook.com\/kyrya.es","article_published_time":"2021-09-21T07:11:59+00:00","article_modified_time":"2024-12-20T11:51:45+00:00","og_image":[{"width":800,"height":800,"url":"https:\/\/kyrya.es\/wp-content\/uploads\/w_NUEVO-CATALOGO-1-KYRYA.jpg","type":"image\/jpeg"}],"author":"Chema Ichaso","twitter_card":"summary_large_image","twitter_misc":{"\u00c9crit par":"Chema Ichaso","Dur\u00e9e de lecture estim\u00e9e":"1 minute"},"schema":{"@context":"https:\/\/schema.org","@graph":[{"@type":"Article","@id":"https:\/\/kyrya.es\/fr\/presentation-de-notre-catalogue-technique-2021\/#article","isPartOf":{"@id":"https:\/\/kyrya.es\/fr\/presentation-de-notre-catalogue-technique-2021\/"},"author":{"name":"Chema Ichaso","@id":"https:\/\/kyrya.es\/#\/schema\/person\/c5551814ec46a7369b22fd0777f50a6b"},"headline":"Pr\u00e9sentation de notre catalogue technique 2021","datePublished":"2021-09-21T07:11:59+00:00","dateModified":"2024-12-20T11:51:45+00:00","mainEntityOfPage":{"@id":"https:\/\/kyrya.es\/fr\/presentation-de-notre-catalogue-technique-2021\/"},"wordCount":240,"publisher":{"@id":"https:\/\/kyrya.es\/#organization"},"image":{"@id":"https:\/\/kyrya.es\/fr\/presentation-de-notre-catalogue-technique-2021\/#primaryimage"},"thumbnailUrl":"https:\/\/kyrya.es\/wp-content\/uploads\/w_NUEVO-CATALOGO-1-KYRYA.jpg","keywords":["Kyrya","Mobilier de salle de bain sur mesure","Concevoir","Tendances","Meubles design","Meubles de salle de bain sur mesure","Nouveau catalogue","Catalogue 2021"],"articleSection":["Main"],"inLanguage":"fr-FR"},{"@type":"WebPage","@id":"https:\/\/kyrya.es\/fr\/presentation-de-notre-catalogue-technique-2021\/","url":"https:\/\/kyrya.es\/fr\/presentation-de-notre-catalogue-technique-2021\/","name":"Pr\u00e9sentation de notre catalogue technique 2021 - Kyrya","isPartOf":{"@id":"https:\/\/kyrya.es\/#website"},"primaryImageOfPage":{"@id":"https:\/\/kyrya.es\/fr\/presentation-de-notre-catalogue-technique-2021\/#primaryimage"},"image":{"@id":"https:\/\/kyrya.es\/fr\/presentation-de-notre-catalogue-technique-2021\/#primaryimage"},"thumbnailUrl":"https:\/\/kyrya.es\/wp-content\/uploads\/w_NUEVO-CATALOGO-1-KYRYA.jpg","datePublished":"2021-09-21T07:11:59+00:00","dateModified":"2024-12-20T11:51:45+00:00","description":"Nous sommes heureux de vous annoncer que les catalogues techniques 2021 de Kyrya et Durian sont maintenant disponibles, que vous pouvez t\u00e9l\u00e9charger sur ce","breadcrumb":{"@id":"https:\/\/kyrya.es\/fr\/presentation-de-notre-catalogue-technique-2021\/#breadcrumb"},"inLanguage":"fr-FR","potentialAction":[{"@type":"ReadAction","target":["https:\/\/kyrya.es\/fr\/presentation-de-notre-catalogue-technique-2021\/"]}]},{"@type":"ImageObject","inLanguage":"fr-FR","@id":"https:\/\/kyrya.es\/fr\/presentation-de-notre-catalogue-technique-2021\/#primaryimage","url":"https:\/\/kyrya.es\/wp-content\/uploads\/w_NUEVO-CATALOGO-1-KYRYA.jpg","contentUrl":"https:\/\/kyrya.es\/wp-content\/uploads\/w_NUEVO-CATALOGO-1-KYRYA.jpg","width":800,"height":800},{"@type":"BreadcrumbList","@id":"https:\/\/kyrya.es\/fr\/presentation-de-notre-catalogue-technique-2021\/#breadcrumb","itemListElement":[{"@type":"ListItem","position":1,"name":"Kyrya","item":"https:\/\/kyrya.es\/fr\/"},{"@type":"ListItem","position":2,"name":"Pr\u00e9sentation de notre catalogue technique 2021"}]},{"@type":"WebSite","@id":"https:\/\/kyrya.es\/#website","url":"https:\/\/kyrya.es\/","name":"Kyrya","description":"Mobiliario de ba\u00f1o a medida","publisher":{"@id":"https:\/\/kyrya.es\/#organization"},"potentialAction":[{"@type":"SearchAction","target":{"@type":"EntryPoint","urlTemplate":"https:\/\/kyrya.es\/?s={search_term_string}"},"query-input":{"@type":"PropertyValueSpecification","valueRequired":true,"valueName":"search_term_string"}}],"inLanguage":"fr-FR"},{"@type":"Organization","@id":"https:\/\/kyrya.es\/#organization","name":"Kyrya","url":"https:\/\/kyrya.es\/","logo":{"@type":"ImageObject","inLanguage":"fr-FR","@id":"https:\/\/kyrya.es\/#\/schema\/logo\/image\/","url":"https:\/\/kyrya.es\/wp-content\/uploads\/logo-kyrya.svg","contentUrl":"https:\/\/kyrya.es\/wp-content\/uploads\/logo-kyrya.svg","width":"1280","height":"900","caption":"Kyrya"},"image":{"@id":"https:\/\/kyrya.es\/#\/schema\/logo\/image\/"},"sameAs":["https:\/\/www.facebook.com\/kyrya.es","https:\/\/www.instagram.com\/kyrya.es\/","https:\/\/www.linkedin.com\/company\/kyrya\/","https:\/\/es.pinterest.com\/kyrya_es\/"]},{"@type":"Person","@id":"https:\/\/kyrya.es\/#\/schema\/person\/c5551814ec46a7369b22fd0777f50a6b","name":"Chema Ichaso","image":{"@type":"ImageObject","inLanguage":"fr-FR","@id":"https:\/\/secure.gravatar.com\/avatar\/52b13a31d3d1870d167c450fdedc1e3f118b5fda06f5e5564975585b1a89a5a7?s=96&d=mm&r=g","url":"https:\/\/secure.gravatar.com\/avatar\/52b13a31d3d1870d167c450fdedc1e3f118b5fda06f5e5564975585b1a89a5a7?s=96&d=mm&r=g","contentUrl":"https:\/\/secure.gravatar.com\/avatar\/52b13a31d3d1870d167c450fdedc1e3f118b5fda06f5e5564975585b1a89a5a7?s=96&d=mm&r=g","caption":"Chema Ichaso"}}]}},"_links":{"self":[{"href":"https:\/\/kyrya.es\/fr\/wp-json\/wp\/v2\/posts\/76767","targetHints":{"allow":["GET"]}}],"collection":[{"href":"https:\/\/kyrya.es\/fr\/wp-json\/wp\/v2\/posts"}],"about":[{"href":"https:\/\/kyrya.es\/fr\/wp-json\/wp\/v2\/types\/post"}],"author":[{"embeddable":true,"href":"https:\/\/kyrya.es\/fr\/wp-json\/wp\/v2\/users\/3"}],"replies":[{"embeddable":true,"href":"https:\/\/kyrya.es\/fr\/wp-json\/wp\/v2\/comments?post=76767"}],"version-history":[{"count":1,"href":"https:\/\/kyrya.es\/fr\/wp-json\/wp\/v2\/posts\/76767\/revisions"}],"predecessor-version":[{"id":76768,"href":"https:\/\/kyrya.es\/fr\/wp-json\/wp\/v2\/posts\/76767\/revisions\/76768"}],"wp:featuredmedia":[{"embeddable":true,"href":"https:\/\/kyrya.es\/fr\/wp-json\/wp\/v2\/media\/47393"}],"wp:attachment":[{"href":"https:\/\/kyrya.es\/fr\/wp-json\/wp\/v2\/media?parent=76767"}],"wp:term":[{"taxonomy":"category","embeddable":true,"href":"https:\/\/kyrya.es\/fr\/wp-json\/wp\/v2\/categories?post=76767"},{"taxonomy":"post_tag","embeddable":true,"href":"https:\/\/kyrya.es\/fr\/wp-json\/wp\/v2\/tags?post=76767"}],"curies":[{"name":"wp","href":"https:\/\/api.w.org\/{rel}","templated":true}]}}