{"id":76820,"date":"2021-05-27T11:02:03","date_gmt":"2021-05-27T09:02:03","guid":{"rendered":"https:\/\/2024.kyrya.es\/?p=76820"},"modified":"2024-12-20T13:05:10","modified_gmt":"2024-12-20T12:05:10","slug":"poignees-et-clous-pour-meuble-de-salle-de-bain-lequel-choisir","status":"publish","type":"post","link":"https:\/\/kyrya.es\/fr\/poignees-et-clous-pour-meuble-de-salle-de-bain-lequel-choisir\/","title":{"rendered":"Poign\u00e9es et clous pour meuble de salle de bain, lequel choisir ?"},"content":{"rendered":"\n<p><strong>Une fois que vous avez choisi votre meuble de salle de bain pr\u00e9f\u00e9r\u00e9<\/strong>, la disposition des \u00e9l\u00e9ments tels que les tiroirs, les espaces d\u00e9coratifs ou sa finition, il reste un d\u00e9tail \u00e0 d\u00e9finir qui, m\u00eame si parfois quelque chose passe inaper\u00e7u, a un grande importance\u00a0: <strong>le syst\u00e8me d&rsquo;ouverture<\/strong>.<\/p>\n\n\n\n<div style=\"hauteur:20px\" aria-hidden=\"true\" class=\"wp-block-spacer\"><\/div>\n\n\n<div class=\"wp-block-image\">\n<figure class=\"aligncenter size-large\"><img loading=\"lazy\" decoding=\"async\" width=\"700\" height=\"783\" src=\"https:\/\/kyrya.es\/wp-content\/uploads\/new-standard.jpg\" alt=\"\" class=\"wp-image-34806\" srcset=\"https:\/\/kyrya.es\/wp-content\/uploads\/new-standard.jpg 700w, https:\/\/kyrya.es\/wp-content\/uploads\/new-standard-358x400.jpg 358w\" sizes=\"auto, (max-width: 700px) 100vw, 700px\" \/><figcaption class=\"wp-element-caption\">Nouvelle poign\u00e9e standard<\/figcaption><\/figure>\n<\/div>\n\n\n<p>L&rsquo;option que vous choisirez (poign\u00e9e, poign\u00e9e ou syst\u00e8me de pouss\u00e9e) influencera \u00e0 la fois l&rsquo;esth\u00e9tique g\u00e9n\u00e9rale du meuble et le confort d&rsquo;utilisation. Chez Kyrya, nous vous proposons une gamme s\u00e9lectionn\u00e9e de syst\u00e8mes d&rsquo;ouverture alliant design et praticit\u00e9, que nous souhaitons partager avec vous.<\/p>\n\n\n\n<div style=\"hauteur:20px\" aria-hidden=\"true\" class=\"wp-block-spacer\"><\/div>\n\n\n\n<h2 class=\"wp-block-heading\">Les poign\u00e9es, la solution la plus confortable et intemporelle<\/h2>\n\n\n\n<p><strong>Les poign\u00e9es sont l&rsquo;option la plus classique<\/strong>, mais cela n&#8217;emp\u00eache pas qu&rsquo;il existe une multitude de designs de toutes sortes : vintage, contemporains, avant-gardistes, simples ou avec une grande pr\u00e9sence visuelle, acceptant mat\u00e9riaux tels que le m\u00e9tal ou le bois. Parmi ses avantages figurent le fait qu&rsquo;il s&rsquo;agit d&rsquo;un \u00e9l\u00e9ment qui se d\u00e9marque grandement \u00e0 l&rsquo;ext\u00e9rieur du meuble, et sa grande facilit\u00e9 d&rsquo;utilisation.<\/p>\n\n\n\n<div style=\"hauteur:20px\" aria-hidden=\"true\" class=\"wp-block-spacer\"><\/div>\n\n\n<div class=\"wp-block-image\">\n<figure class=\"aligncenter size-large\"><img decoding=\"async\" src=\"https:\/\/kyrya.es\/wp-content\/uploads\/gina.jpg\" alt=\"\" class=\"wp- image-34801\"\/><figcaption class=\"wp-element-caption\">Gina White Shooter<\/figcaption><\/figure>\n<\/div>\n\n\n<p>Chez Kyrya <strong>nous vous proposons nos mod\u00e8les <a href=\"\/?p=498\" target=\"_blank\" rel=\"noreferrer noopener\">New Stardard<\/a>, <a href=\"\/?p =16897\" target=\"_blank\" rel=\"noreferrer noopener\">Gina<\/a> ou <a href=\"\/?p=504\" target=\"_blank\" rel=\"noreferrer noopener\">Diana<\/a><\/strong>, en finition m\u00e9tallis\u00e9e, ou si vous pr\u00e9f\u00e9rez le bois verni, le <a href=\"\/?p=496\" target=\"_blank\" rel=\"noreferrer \" mod\u00e8le noopener\"><strong>Cristina<\/strong><\/a> est une vraie r\u00e9ussite, qui est \u00e9galement disponible en laque Select Mate.<\/p>\n\n\n\n<div style=\"hauteur:20px\" aria-hidden=\"true\" class=\"wp-block-spacer\"><\/div>\n\n\n\n<h2 class=\"wp-block-heading\">U\u00f1eros\u00a0: engagement pour l&rsquo;int\u00e9gration<\/h2>\n\n\n\n<p><strong>Les porte-clous ont l&rsquo;avantage d&rsquo;\u00eatre parfaitement int\u00e9gr\u00e9s<\/strong> dans le style du meuble lui-m\u00eame, de sorte qu&rsquo;il n&rsquo;y a aucun \u00e9l\u00e9ment ext\u00e9rieur en vue, ce qui en fait l&rsquo;option parfaite pour ceux qui recherchent un aspect ext\u00e9rieur <strong >clair, moderne et minimaliste<\/strong>.<\/p>\n\n\n\n<div style=\"hauteur:20px\" aria-hidden=\"true\" class=\"wp-block-spacer\"><\/div>\n\n\n<div class=\"wp-block-image\">\n<figure class=\"aligncenter size-large\"><img decoding=\"async\" src=\"https:\/\/kyrya.es\/wp-content\/uploads\/u\u00f1ero-inglete.jpg\" alt=\"\" class=\"wp-image-34816\"\/><figcaption class=\"wp-element-caption\">Clou \u00e0 onglet<\/figcaption><\/figure>\n<\/div>\n\n\n<p>Parmi la vaste collection de fabricants d&rsquo;ongles dont nous disposons, nous soulignons les mod\u00e8les <strong><a href=\"\/?p=514\" target=\"_blank\" rel=\"noreferrer noopener\">mitle avec rue<\/a >, < a href=\"\/?p=516\" target=\"_blank\" rel=\"noreferrer noopener\">ola<\/a>, <a href=\"\/?p=510\" target=\"_blank\" rel=\"noreferrer noopener\">tout droit avec rue<\/a>, <a href=\"\/?p=511\" target=\"_blank\" rel=\"noreferrer noopener\">Lara<\/a> ou < une href=\"\/?p=512\" target=\"_blank\" rel=\"noreferrer noopener\">f\u00e9e bicolore<\/a>,<\/strong> chacune d&rsquo;elles avec ce point de design exclusif et la personnalit\u00e9 que vous exigez de votre salle de bain.<\/p>\n\n\n\n<div style=\"hauteur:20px\" aria-hidden=\"true\" class=\"wp-block-spacer\"><\/div>\n\n\n\n<h2 class=\"wp-block-heading\"><strong>Ouverture par pouss\u00e9e, moins c&rsquo;est plus<\/strong><\/h2>\n\n\n\n<p>On pourrait dire que l&rsquo;\u00e9volution des cloutiers en termes de simplicit\u00e9 se traduit par <strong>le syst\u00e8me de Ouverture par pouss\u00e9e totalement invisible, une simple pression sur les tiroirs suffit pour qu&rsquo;ils s&rsquo;ouvrent en douceur et en silence. De cette fa\u00e7on, l&rsquo;accent est mis exclusivement sur le meuble de salle de bain et tous ses d\u00e9tails, sans \u00e9l\u00e9ments ext\u00e9rieurs ni crevasses dans le meuble.<\/p>\n\n\n\n<div style=\"hauteur:20px\" aria-hidden=\"true\" class=\"wp-block-spacer\"><\/div>\n\n\n<div class=\"wp-block-image\">\n<figure class=\"aligncenter size-large\"><img decoding=\"async\" src=\"https:\/\/kyrya.es\/wp-content\/uploads\/push.jpg\" alt=\"\" class=\"wp- image-34811\"\/><figcaption class=\"wp-element-caption\">Pousser pour ouvrir<\/figcaption><\/figure>\n<\/div>\n\n\n<h2 class=\"wp-block-heading\">Le moment de v\u00e9rit\u00e9, lequel choisir ?<\/h2>\n\n\n\n<p>Comme vous l&rsquo;avez constat\u00e9, chacun de nos syst\u00e8mes d&rsquo;ouverture poss\u00e8de ses propres avantages, et <strong>tous r\u00e9pondent \u00e0 des crit\u00e8res exigeants d&rsquo;esth\u00e9tique et de confort<\/strong>.<br>Lors du choix d&rsquo;un de ces syst\u00e8mes <strong>le le type de mobilier choisi influencera, puisque certains d&rsquo;entre eux \u00ab demandent \u00bb un type d&rsquo;ouverture et pas un autre. Et, bien s\u00fbr, la partie la plus importante de la d\u00e9cision sera <strong>vos propres go\u00fbts et pr\u00e9f\u00e9rences<\/strong>.<\/p>\n\n\n\n<blockquote class=\"wp-block-quote is-layout-flow wp-block-quote-is-layout-flow\">\n<p>#DesignAttitude<\/p>\n<\/blockquote>\n","protected":false},"excerpt":{"rendered":"","protected":false},"author":1912,"featured_media":34798,"comment_status":"closed","ping_status":"closed","sticky":false,"template":"","format":"standard","meta":{"_acf_changed":false,"inline_featured_image":false,"footnotes":""},"categories":[114],"tags":[1530,1546,1609],"class_list":["post-76820","post","type-post","status-publish","format-standard","has-post-thumbnail","hentry","category-main-fr","tag-kyrya-fr","tag-mobilier-personnalise","tag-mobilier-de-salle-de-bain-sur-mesure-fr-2"],"acf":[],"yoast_head":"<!-- This site is optimized with the Yoast SEO plugin v27.5 - https:\/\/yoast.com\/product\/yoast-seo-wordpress\/ -->\n<title>Poign\u00e9es et clous pour meuble de salle de bain, lequel choisir ? - Kyrya<\/title>\n<meta name=\"description\" content=\"Une fois que vous avez choisi votre meuble de salle de bain pr\u00e9f\u00e9r\u00e9, la disposition des \u00e9l\u00e9ments tels que les tiroirs, les espaces d\u00e9coratifs ou sa\" \/>\n<meta name=\"robots\" content=\"index, follow, max-snippet:-1, max-image-preview:large, max-video-preview:-1\" \/>\n<link rel=\"canonical\" href=\"https:\/\/kyrya.es\/fr\/poignees-et-clous-pour-meuble-de-salle-de-bain-lequel-choisir\/\" \/>\n<meta property=\"og:locale\" content=\"fr_FR\" \/>\n<meta property=\"og:type\" content=\"article\" \/>\n<meta property=\"og:title\" content=\"Poign\u00e9es et clous pour meuble de salle de bain, lequel choisir ? - Kyrya\" \/>\n<meta property=\"og:description\" content=\"Une fois que vous avez choisi votre meuble de salle de bain pr\u00e9f\u00e9r\u00e9, la disposition des \u00e9l\u00e9ments tels que les tiroirs, les espaces d\u00e9coratifs ou sa\" \/>\n<meta property=\"og:url\" content=\"https:\/\/kyrya.es\/fr\/poignees-et-clous-pour-meuble-de-salle-de-bain-lequel-choisir\/\" \/>\n<meta property=\"og:site_name\" content=\"Kyrya\" \/>\n<meta property=\"article:publisher\" content=\"https:\/\/www.facebook.com\/kyrya.es\" \/>\n<meta property=\"article:published_time\" content=\"2021-05-27T09:02:03+00:00\" \/>\n<meta property=\"article:modified_time\" content=\"2024-12-20T12:05:10+00:00\" \/>\n<meta property=\"og:image\" content=\"https:\/\/kyrya.es\/wp-content\/uploads\/aperturas-destacada.jpg\" \/>\n\t<meta property=\"og:image:width\" content=\"892\" \/>\n\t<meta property=\"og:image:height\" content=\"957\" \/>\n\t<meta property=\"og:image:type\" content=\"image\/jpeg\" \/>\n<meta name=\"author\" content=\"David Porta\" \/>\n<meta name=\"twitter:card\" content=\"summary_large_image\" \/>\n<meta name=\"twitter:label1\" content=\"\u00c9crit par\" \/>\n\t<meta name=\"twitter:data1\" content=\"David Porta\" \/>\n\t<meta name=\"twitter:label2\" content=\"Dur\u00e9e de lecture estim\u00e9e\" \/>\n\t<meta name=\"twitter:data2\" content=\"3 minutes\" \/>\n<script type=\"application\/ld+json\" class=\"yoast-schema-graph\">{\"@context\":\"https:\\\/\\\/schema.org\",\"@graph\":[{\"@type\":\"Article\",\"@id\":\"https:\\\/\\\/kyrya.es\\\/fr\\\/poignees-et-clous-pour-meuble-de-salle-de-bain-lequel-choisir\\\/#article\",\"isPartOf\":{\"@id\":\"https:\\\/\\\/kyrya.es\\\/fr\\\/poignees-et-clous-pour-meuble-de-salle-de-bain-lequel-choisir\\\/\"},\"author\":{\"name\":\"David Porta\",\"@id\":\"https:\\\/\\\/kyrya.es\\\/#\\\/schema\\\/person\\\/1b079b63cf56e27ceada31c3a3eee908\"},\"headline\":\"Poign\u00e9es et clous pour meuble de salle de bain, lequel choisir ?\",\"datePublished\":\"2021-05-27T09:02:03+00:00\",\"dateModified\":\"2024-12-20T12:05:10+00:00\",\"mainEntityOfPage\":{\"@id\":\"https:\\\/\\\/kyrya.es\\\/fr\\\/poignees-et-clous-pour-meuble-de-salle-de-bain-lequel-choisir\\\/\"},\"wordCount\":247,\"publisher\":{\"@id\":\"https:\\\/\\\/kyrya.es\\\/#organization\"},\"image\":{\"@id\":\"https:\\\/\\\/kyrya.es\\\/fr\\\/poignees-et-clous-pour-meuble-de-salle-de-bain-lequel-choisir\\\/#primaryimage\"},\"thumbnailUrl\":\"https:\\\/\\\/kyrya.es\\\/wp-content\\\/uploads\\\/aperturas-destacada.jpg\",\"keywords\":[\"Kyrya\",\"Mobilier personnalis\u00e9\",\"Mobilier de salle de bain sur mesure\"],\"articleSection\":[\"Main\"],\"inLanguage\":\"fr-FR\"},{\"@type\":\"WebPage\",\"@id\":\"https:\\\/\\\/kyrya.es\\\/fr\\\/poignees-et-clous-pour-meuble-de-salle-de-bain-lequel-choisir\\\/\",\"url\":\"https:\\\/\\\/kyrya.es\\\/fr\\\/poignees-et-clous-pour-meuble-de-salle-de-bain-lequel-choisir\\\/\",\"name\":\"Poign\u00e9es et clous pour meuble de salle de bain, lequel choisir ? - Kyrya\",\"isPartOf\":{\"@id\":\"https:\\\/\\\/kyrya.es\\\/#website\"},\"primaryImageOfPage\":{\"@id\":\"https:\\\/\\\/kyrya.es\\\/fr\\\/poignees-et-clous-pour-meuble-de-salle-de-bain-lequel-choisir\\\/#primaryimage\"},\"image\":{\"@id\":\"https:\\\/\\\/kyrya.es\\\/fr\\\/poignees-et-clous-pour-meuble-de-salle-de-bain-lequel-choisir\\\/#primaryimage\"},\"thumbnailUrl\":\"https:\\\/\\\/kyrya.es\\\/wp-content\\\/uploads\\\/aperturas-destacada.jpg\",\"datePublished\":\"2021-05-27T09:02:03+00:00\",\"dateModified\":\"2024-12-20T12:05:10+00:00\",\"description\":\"Une fois que vous avez choisi votre meuble de salle de bain pr\u00e9f\u00e9r\u00e9, la disposition des \u00e9l\u00e9ments tels que les tiroirs, les espaces d\u00e9coratifs ou sa\",\"breadcrumb\":{\"@id\":\"https:\\\/\\\/kyrya.es\\\/fr\\\/poignees-et-clous-pour-meuble-de-salle-de-bain-lequel-choisir\\\/#breadcrumb\"},\"inLanguage\":\"fr-FR\",\"potentialAction\":[{\"@type\":\"ReadAction\",\"target\":[\"https:\\\/\\\/kyrya.es\\\/fr\\\/poignees-et-clous-pour-meuble-de-salle-de-bain-lequel-choisir\\\/\"]}]},{\"@type\":\"ImageObject\",\"inLanguage\":\"fr-FR\",\"@id\":\"https:\\\/\\\/kyrya.es\\\/fr\\\/poignees-et-clous-pour-meuble-de-salle-de-bain-lequel-choisir\\\/#primaryimage\",\"url\":\"https:\\\/\\\/kyrya.es\\\/wp-content\\\/uploads\\\/aperturas-destacada.jpg\",\"contentUrl\":\"https:\\\/\\\/kyrya.es\\\/wp-content\\\/uploads\\\/aperturas-destacada.jpg\",\"width\":892,\"height\":957},{\"@type\":\"BreadcrumbList\",\"@id\":\"https:\\\/\\\/kyrya.es\\\/fr\\\/poignees-et-clous-pour-meuble-de-salle-de-bain-lequel-choisir\\\/#breadcrumb\",\"itemListElement\":[{\"@type\":\"ListItem\",\"position\":1,\"name\":\"Kyrya\",\"item\":\"https:\\\/\\\/kyrya.es\\\/fr\\\/\"},{\"@type\":\"ListItem\",\"position\":2,\"name\":\"Poign\u00e9es et clous pour meuble de salle de bain, lequel choisir ?\"}]},{\"@type\":\"WebSite\",\"@id\":\"https:\\\/\\\/kyrya.es\\\/#website\",\"url\":\"https:\\\/\\\/kyrya.es\\\/\",\"name\":\"Kyrya\",\"description\":\"Mobiliario de ba\u00f1o a medida\",\"publisher\":{\"@id\":\"https:\\\/\\\/kyrya.es\\\/#organization\"},\"potentialAction\":[{\"@type\":\"SearchAction\",\"target\":{\"@type\":\"EntryPoint\",\"urlTemplate\":\"https:\\\/\\\/kyrya.es\\\/?s={search_term_string}\"},\"query-input\":{\"@type\":\"PropertyValueSpecification\",\"valueRequired\":true,\"valueName\":\"search_term_string\"}}],\"inLanguage\":\"fr-FR\"},{\"@type\":\"Organization\",\"@id\":\"https:\\\/\\\/kyrya.es\\\/#organization\",\"name\":\"Kyrya\",\"url\":\"https:\\\/\\\/kyrya.es\\\/\",\"logo\":{\"@type\":\"ImageObject\",\"inLanguage\":\"fr-FR\",\"@id\":\"https:\\\/\\\/kyrya.es\\\/#\\\/schema\\\/logo\\\/image\\\/\",\"url\":\"https:\\\/\\\/kyrya.es\\\/wp-content\\\/uploads\\\/logo-kyrya.svg\",\"contentUrl\":\"https:\\\/\\\/kyrya.es\\\/wp-content\\\/uploads\\\/logo-kyrya.svg\",\"width\":\"1280\",\"height\":\"900\",\"caption\":\"Kyrya\"},\"image\":{\"@id\":\"https:\\\/\\\/kyrya.es\\\/#\\\/schema\\\/logo\\\/image\\\/\"},\"sameAs\":[\"https:\\\/\\\/www.facebook.com\\\/kyrya.es\",\"https:\\\/\\\/www.instagram.com\\\/kyrya.es\\\/\",\"https:\\\/\\\/www.linkedin.com\\\/company\\\/kyrya\\\/\",\"https:\\\/\\\/es.pinterest.com\\\/kyrya_es\\\/\"]},{\"@type\":\"Person\",\"@id\":\"https:\\\/\\\/kyrya.es\\\/#\\\/schema\\\/person\\\/1b079b63cf56e27ceada31c3a3eee908\",\"name\":\"David Porta\",\"image\":{\"@type\":\"ImageObject\",\"inLanguage\":\"fr-FR\",\"@id\":\"https:\\\/\\\/secure.gravatar.com\\\/avatar\\\/8ae85b48abc870688ba6b473a6219b5fcfff3ec5b8b394dc82b38c3e0e1545bb?s=96&d=mm&r=g\",\"url\":\"https:\\\/\\\/secure.gravatar.com\\\/avatar\\\/8ae85b48abc870688ba6b473a6219b5fcfff3ec5b8b394dc82b38c3e0e1545bb?s=96&d=mm&r=g\",\"contentUrl\":\"https:\\\/\\\/secure.gravatar.com\\\/avatar\\\/8ae85b48abc870688ba6b473a6219b5fcfff3ec5b8b394dc82b38c3e0e1545bb?s=96&d=mm&r=g\",\"caption\":\"David Porta\"},\"sameAs\":[\"http:\\\/\\\/kyrya.es\"]}]}<\/script>\n<!-- \/ Yoast SEO plugin. -->","yoast_head_json":{"title":"Poign\u00e9es et clous pour meuble de salle de bain, lequel choisir ? - Kyrya","description":"Une fois que vous avez choisi votre meuble de salle de bain pr\u00e9f\u00e9r\u00e9, la disposition des \u00e9l\u00e9ments tels que les tiroirs, les espaces d\u00e9coratifs ou sa","robots":{"index":"index","follow":"follow","max-snippet":"max-snippet:-1","max-image-preview":"max-image-preview:large","max-video-preview":"max-video-preview:-1"},"canonical":"https:\/\/kyrya.es\/fr\/poignees-et-clous-pour-meuble-de-salle-de-bain-lequel-choisir\/","og_locale":"fr_FR","og_type":"article","og_title":"Poign\u00e9es et clous pour meuble de salle de bain, lequel choisir ? - Kyrya","og_description":"Une fois que vous avez choisi votre meuble de salle de bain pr\u00e9f\u00e9r\u00e9, la disposition des \u00e9l\u00e9ments tels que les tiroirs, les espaces d\u00e9coratifs ou sa","og_url":"https:\/\/kyrya.es\/fr\/poignees-et-clous-pour-meuble-de-salle-de-bain-lequel-choisir\/","og_site_name":"Kyrya","article_publisher":"https:\/\/www.facebook.com\/kyrya.es","article_published_time":"2021-05-27T09:02:03+00:00","article_modified_time":"2024-12-20T12:05:10+00:00","og_image":[{"width":892,"height":957,"url":"https:\/\/kyrya.es\/wp-content\/uploads\/aperturas-destacada.jpg","type":"image\/jpeg"}],"author":"David Porta","twitter_card":"summary_large_image","twitter_misc":{"\u00c9crit par":"David Porta","Dur\u00e9e de lecture estim\u00e9e":"3 minutes"},"schema":{"@context":"https:\/\/schema.org","@graph":[{"@type":"Article","@id":"https:\/\/kyrya.es\/fr\/poignees-et-clous-pour-meuble-de-salle-de-bain-lequel-choisir\/#article","isPartOf":{"@id":"https:\/\/kyrya.es\/fr\/poignees-et-clous-pour-meuble-de-salle-de-bain-lequel-choisir\/"},"author":{"name":"David Porta","@id":"https:\/\/kyrya.es\/#\/schema\/person\/1b079b63cf56e27ceada31c3a3eee908"},"headline":"Poign\u00e9es et clous pour meuble de salle de bain, lequel choisir ?","datePublished":"2021-05-27T09:02:03+00:00","dateModified":"2024-12-20T12:05:10+00:00","mainEntityOfPage":{"@id":"https:\/\/kyrya.es\/fr\/poignees-et-clous-pour-meuble-de-salle-de-bain-lequel-choisir\/"},"wordCount":247,"publisher":{"@id":"https:\/\/kyrya.es\/#organization"},"image":{"@id":"https:\/\/kyrya.es\/fr\/poignees-et-clous-pour-meuble-de-salle-de-bain-lequel-choisir\/#primaryimage"},"thumbnailUrl":"https:\/\/kyrya.es\/wp-content\/uploads\/aperturas-destacada.jpg","keywords":["Kyrya","Mobilier personnalis\u00e9","Mobilier de salle de bain sur mesure"],"articleSection":["Main"],"inLanguage":"fr-FR"},{"@type":"WebPage","@id":"https:\/\/kyrya.es\/fr\/poignees-et-clous-pour-meuble-de-salle-de-bain-lequel-choisir\/","url":"https:\/\/kyrya.es\/fr\/poignees-et-clous-pour-meuble-de-salle-de-bain-lequel-choisir\/","name":"Poign\u00e9es et clous pour meuble de salle de bain, lequel choisir ? - Kyrya","isPartOf":{"@id":"https:\/\/kyrya.es\/#website"},"primaryImageOfPage":{"@id":"https:\/\/kyrya.es\/fr\/poignees-et-clous-pour-meuble-de-salle-de-bain-lequel-choisir\/#primaryimage"},"image":{"@id":"https:\/\/kyrya.es\/fr\/poignees-et-clous-pour-meuble-de-salle-de-bain-lequel-choisir\/#primaryimage"},"thumbnailUrl":"https:\/\/kyrya.es\/wp-content\/uploads\/aperturas-destacada.jpg","datePublished":"2021-05-27T09:02:03+00:00","dateModified":"2024-12-20T12:05:10+00:00","description":"Une fois que vous avez choisi votre meuble de salle de bain pr\u00e9f\u00e9r\u00e9, la disposition des \u00e9l\u00e9ments tels que les tiroirs, les espaces d\u00e9coratifs ou sa","breadcrumb":{"@id":"https:\/\/kyrya.es\/fr\/poignees-et-clous-pour-meuble-de-salle-de-bain-lequel-choisir\/#breadcrumb"},"inLanguage":"fr-FR","potentialAction":[{"@type":"ReadAction","target":["https:\/\/kyrya.es\/fr\/poignees-et-clous-pour-meuble-de-salle-de-bain-lequel-choisir\/"]}]},{"@type":"ImageObject","inLanguage":"fr-FR","@id":"https:\/\/kyrya.es\/fr\/poignees-et-clous-pour-meuble-de-salle-de-bain-lequel-choisir\/#primaryimage","url":"https:\/\/kyrya.es\/wp-content\/uploads\/aperturas-destacada.jpg","contentUrl":"https:\/\/kyrya.es\/wp-content\/uploads\/aperturas-destacada.jpg","width":892,"height":957},{"@type":"BreadcrumbList","@id":"https:\/\/kyrya.es\/fr\/poignees-et-clous-pour-meuble-de-salle-de-bain-lequel-choisir\/#breadcrumb","itemListElement":[{"@type":"ListItem","position":1,"name":"Kyrya","item":"https:\/\/kyrya.es\/fr\/"},{"@type":"ListItem","position":2,"name":"Poign\u00e9es et clous pour meuble de salle de bain, lequel choisir ?"}]},{"@type":"WebSite","@id":"https:\/\/kyrya.es\/#website","url":"https:\/\/kyrya.es\/","name":"Kyrya","description":"Mobiliario de ba\u00f1o a medida","publisher":{"@id":"https:\/\/kyrya.es\/#organization"},"potentialAction":[{"@type":"SearchAction","target":{"@type":"EntryPoint","urlTemplate":"https:\/\/kyrya.es\/?s={search_term_string}"},"query-input":{"@type":"PropertyValueSpecification","valueRequired":true,"valueName":"search_term_string"}}],"inLanguage":"fr-FR"},{"@type":"Organization","@id":"https:\/\/kyrya.es\/#organization","name":"Kyrya","url":"https:\/\/kyrya.es\/","logo":{"@type":"ImageObject","inLanguage":"fr-FR","@id":"https:\/\/kyrya.es\/#\/schema\/logo\/image\/","url":"https:\/\/kyrya.es\/wp-content\/uploads\/logo-kyrya.svg","contentUrl":"https:\/\/kyrya.es\/wp-content\/uploads\/logo-kyrya.svg","width":"1280","height":"900","caption":"Kyrya"},"image":{"@id":"https:\/\/kyrya.es\/#\/schema\/logo\/image\/"},"sameAs":["https:\/\/www.facebook.com\/kyrya.es","https:\/\/www.instagram.com\/kyrya.es\/","https:\/\/www.linkedin.com\/company\/kyrya\/","https:\/\/es.pinterest.com\/kyrya_es\/"]},{"@type":"Person","@id":"https:\/\/kyrya.es\/#\/schema\/person\/1b079b63cf56e27ceada31c3a3eee908","name":"David Porta","image":{"@type":"ImageObject","inLanguage":"fr-FR","@id":"https:\/\/secure.gravatar.com\/avatar\/8ae85b48abc870688ba6b473a6219b5fcfff3ec5b8b394dc82b38c3e0e1545bb?s=96&d=mm&r=g","url":"https:\/\/secure.gravatar.com\/avatar\/8ae85b48abc870688ba6b473a6219b5fcfff3ec5b8b394dc82b38c3e0e1545bb?s=96&d=mm&r=g","contentUrl":"https:\/\/secure.gravatar.com\/avatar\/8ae85b48abc870688ba6b473a6219b5fcfff3ec5b8b394dc82b38c3e0e1545bb?s=96&d=mm&r=g","caption":"David Porta"},"sameAs":["http:\/\/kyrya.es"]}]}},"_links":{"self":[{"href":"https:\/\/kyrya.es\/fr\/wp-json\/wp\/v2\/posts\/76820","targetHints":{"allow":["GET"]}}],"collection":[{"href":"https:\/\/kyrya.es\/fr\/wp-json\/wp\/v2\/posts"}],"about":[{"href":"https:\/\/kyrya.es\/fr\/wp-json\/wp\/v2\/types\/post"}],"author":[{"embeddable":true,"href":"https:\/\/kyrya.es\/fr\/wp-json\/wp\/v2\/users\/1912"}],"replies":[{"embeddable":true,"href":"https:\/\/kyrya.es\/fr\/wp-json\/wp\/v2\/comments?post=76820"}],"version-history":[{"count":2,"href":"https:\/\/kyrya.es\/fr\/wp-json\/wp\/v2\/posts\/76820\/revisions"}],"predecessor-version":[{"id":76823,"href":"https:\/\/kyrya.es\/fr\/wp-json\/wp\/v2\/posts\/76820\/revisions\/76823"}],"wp:featuredmedia":[{"embeddable":true,"href":"https:\/\/kyrya.es\/fr\/wp-json\/wp\/v2\/media\/34798"}],"wp:attachment":[{"href":"https:\/\/kyrya.es\/fr\/wp-json\/wp\/v2\/media?parent=76820"}],"wp:term":[{"taxonomy":"category","embeddable":true,"href":"https:\/\/kyrya.es\/fr\/wp-json\/wp\/v2\/categories?post=76820"},{"taxonomy":"post_tag","embeddable":true,"href":"https:\/\/kyrya.es\/fr\/wp-json\/wp\/v2\/tags?post=76820"}],"curies":[{"name":"wp","href":"https:\/\/api.w.org\/{rel}","templated":true}]}}