{"id":76837,"date":"2021-03-04T13:23:13","date_gmt":"2021-03-04T12:23:13","guid":{"rendered":"https:\/\/2024.kyrya.es\/decouvrez-nos-meubles-design-sous-evier\/"},"modified":"2024-12-20T13:24:49","modified_gmt":"2024-12-20T12:24:49","slug":"decouvrez-nos-meubles-design-sous-evier","status":"publish","type":"post","link":"https:\/\/kyrya.es\/fr\/decouvrez-nos-meubles-design-sous-evier\/","title":{"rendered":"D\u00e9couvrez nos meubles design sous \u00e9vier"},"content":{"rendered":"\n<p>Parmi la grande vari\u00e9t\u00e9 de meubles pour votre salle de bain que nous fabriquons sur mesure pour vous chez <strong>Kyrya<\/strong>, nous voulons nous arr\u00eater au <a href=\"https:\/\/kyrya.es\/fr\/categorie-produit\/meubles-sous-vasques\/\"><strong>mobilier sous \u00e9vier<\/strong><\/a>, ce composant essentiel qui se distingue non seulement par sa fonctionnalit\u00e9, mais aussi par sa capacit\u00e9 \u00e0 <strong>d\u00e9finir la personnalit\u00e9 de votre espace<\/strong>.<\/p>\n\n<div style=\"height:15px\" aria-hidden=\"true\" class=\"wp-block-spacer\"><\/div>\n\n<figure class=\"wp-block-image size-large\"><img loading=\"lazy\" decoding=\"async\" width=\"1000\" height=\"702\" src=\"https:\/\/kyrya.es\/wp-content\/uploads\/K10-ULTI-ALTA.jpg\" alt=\"\" class=\"wp-image-31953\" srcset=\"https:\/\/kyrya.es\/wp-content\/uploads\/K10-ULTI-ALTA.jpg 1000w, https:\/\/kyrya.es\/wp-content\/uploads\/K10-ULTI-ALTA-400x281.jpg 400w, https:\/\/kyrya.es\/wp-content\/uploads\/K10-ULTI-ALTA-768x539.jpg 768w\" sizes=\"auto, (max-width: 1000px) 100vw, 1000px\" \/><\/figure>\n\n<div style=\"height:15px\" aria-hidden=\"true\" class=\"wp-block-spacer\"><\/div>\n\n<h2 class=\"wp-block-heading\">Meubles sous \u00e9vier : tout un monde de possibilit\u00e9s<\/h2>\n\n<p>Les meubles sous \u00e9vier sont un \u00e9l\u00e9ment essentiel de votre salle de bain, o\u00f9 nous avons beaucoup \u00e0 dire et \u00e0 vous offrir. En plus de <strong>choisir les tailles que vous pr\u00e9f\u00e9rez<\/strong>, vous d\u00e9couvrirez plus d\u2019options pour le personnaliser que vous ne l\u2019imaginez ! <\/p>\n\n<p><strong>Il est possible de les \u00e9quiper de tiroirs dans diff\u00e9rentes configurations<\/strong>, en combinant de grands tiroirs avec des plus petits dans l\u2019arrangement que vous pr\u00e9f\u00e9rez (sym\u00e9trique, asym\u00e9trique, d\u00e9cal\u00e9) ou, si vous pr\u00e9f\u00e9rez, de remplacer l\u2019un des grands tiroirs par un grand espace avec des portes pour ranger tout ce dont vous avez besoin.<\/p>\n\n<div style=\"height:15px\" aria-hidden=\"true\" class=\"wp-block-spacer\"><\/div>\n\n<figure class=\"wp-block-image size-large\"><img loading=\"lazy\" decoding=\"async\" width=\"724\" height=\"900\" src=\"https:\/\/kyrya.es\/wp-content\/uploads\/\/CAJONES-XP-724x900.jpg\" alt=\"\" class=\"wp-image-31938\" srcset=\"https:\/\/kyrya.es\/wp-content\/uploads\/CAJONES-XP-724x900.jpg 724w, https:\/\/kyrya.es\/wp-content\/uploads\/CAJONES-XP-322x400.jpg 322w, https:\/\/kyrya.es\/wp-content\/uploads\/CAJONES-XP-768x955.jpg 768w, https:\/\/kyrya.es\/wp-content\/uploads\/CAJONES-XP.jpg 1000w\" sizes=\"auto, (max-width: 724px) 100vw, 724px\" \/><\/figure>\n\n<div style=\"height:15px\" aria-hidden=\"true\" class=\"wp-block-spacer\"><\/div>\n\n<p>Et si vous souhaitez aller plus loin, incorporez les trous d\u00e9coratifs sophistiqu\u00e9s dans le mobilier lui-m\u00eame qui, en plus de remplir leur fonction d\u2019aide \u00e0 <strong>l\u2019organisation, apportent une grande valeur esth\u00e9tique \u00e0 l\u2019ensemble<\/strong>.<\/p>\n\n<p>Tout cela est possible gr\u00e2ce aux<strong> modules que vous pouvez combiner \u00e0 votre guise<\/strong> lors de la configuration de votre mobilier, ce qui vous permet <strong>des possibilit\u00e9s presque illimit\u00e9es et une adaptation totale<\/strong> \u00e0 vos besoins.<\/p>\n\n<h2 class=\"wp-block-heading\">Des meubles sous \u00e9vier, toujours adapt\u00e9s \u00e0 vos besoins<\/h2>\n\n<p>Chez Kyrya, nous sommes devenus de v\u00e9ritables experts dans la <strong>fabrication de meubles de salle de bain personnalis\u00e9s et sur mesure<\/strong>, afin que vos meubles soient toujours uniques et individualis\u00e9s.<\/p>\n\n<p>Pour vous donner une id\u00e9e g\u00e9n\u00e9rale, vous pouvez choisir la largeur de votre meuble sous \u00e9vier entre <strong>60 et 120 cm<\/strong> et choisir la hauteur entre <strong>32 et 76 cm<\/strong> (les mesures peuvent varier selon le mod\u00e8le), ainsi que personnaliser les mesures de la profondeur, qui <strong>peut d\u00e9passer 50 cm<\/strong> si vous en avez besoin.<\/p>\n\n<div style=\"height:15px\" aria-hidden=\"true\" class=\"wp-block-spacer\"><\/div>\n\n<figure class=\"wp-block-image size-large\"><img loading=\"lazy\" decoding=\"async\" width=\"1000\" height=\"892\" src=\"https:\/\/kyrya.es\/wp-content\/uploads\/STAR-2-CAJ-130-doble-lavabo-ALTA.jpg\" alt=\"\" class=\"wp-image-31963\" srcset=\"https:\/\/kyrya.es\/wp-content\/uploads\/STAR-2-CAJ-130-doble-lavabo-ALTA.jpg 1000w, https:\/\/kyrya.es\/wp-content\/uploads\/STAR-2-CAJ-130-doble-lavabo-ALTA-400x357.jpg 400w, https:\/\/kyrya.es\/wp-content\/uploads\/STAR-2-CAJ-130-doble-lavabo-ALTA-768x685.jpg 768w\" sizes=\"auto, (max-width: 1000px) 100vw, 1000px\" \/><\/figure>\n\n<div style=\"height:15px\" aria-hidden=\"true\" class=\"wp-block-spacer\"><\/div>\n\n<p>Ainsi, nous sommes en mesure de fa\u00e7onner de <strong>grands meubles sous \u00e9vier pour de grands espaces<\/strong>, tant pour <strong>les maisons que pour le secteur contract,<\/strong> et \u00e9galement d\u2019offrir des solutions personnalis\u00e9es dans le cas de petits espaces. Ainsi, vous pouvez toujours profiter de la qualit\u00e9, du design et des performances des meubles Kyrya n\u2019importe o\u00f9. <\/p>\n\n<h2 class=\"wp-block-heading\">Suspendu ou avec des jambes ?<\/h2>\n\n<p>Les meubles sous \u00e9vier Kyrya sont con\u00e7us pour \u00eatre install\u00e9s en suspension en raison de la <strong>sensation de l\u00e9g\u00e8ret\u00e9 qu\u2019ils transmettent, de la facilit\u00e9 de nettoyage qu\u2019ils impliquent et pour vous offrir un plus grand confort<\/strong>, en \u00e9tant r\u00e9gl\u00e9s \u00e0 la hauteur parfaite pour vous.<br\/>Mais si vous pr\u00e9f\u00e9rez un meuble de sol, il vous suffit de nous le demander et nous incorporerons d\u2019\u00e9l\u00e9gants pieds en m\u00e9tal ou en bois, afin qu\u2019il soit absolument \u00e0 votre go\u00fbt.<\/p>\n\n<div style=\"height:15px\" aria-hidden=\"true\" class=\"wp-block-spacer\"><\/div>\n\n<figure class=\"wp-block-image size-large\"><img loading=\"lazy\" decoding=\"async\" width=\"1000\" height=\"892\" src=\"https:\/\/kyrya.es\/wp-content\/uploads\/finion-120-1-caj-2-caj.jpg\" alt=\"\" class=\"wp-image-31943\" srcset=\"https:\/\/kyrya.es\/wp-content\/uploads\/finion-120-1-caj-2-caj.jpg 1000w, https:\/\/kyrya.es\/wp-content\/uploads\/finion-120-1-caj-2-caj-400x357.jpg 400w, https:\/\/kyrya.es\/wp-content\/uploads\/finion-120-1-caj-2-caj-768x685.jpg 768w\" sizes=\"auto, (max-width: 1000px) 100vw, 1000px\" \/><\/figure>\n\n<div style=\"height:15px\" aria-hidden=\"true\" class=\"wp-block-spacer\"><\/div>\n\n<h2 class=\"wp-block-heading\">N\u2019oubliez pas les finitions<\/h2>\n\n<p>Si nous parlons de personnalisation dans les moindres d\u00e9tails, les <strong>finitions disponibles<\/strong> pour votre armoire sous \u00e9vier m\u00e9ritent d\u2019\u00eatre soulign\u00e9es. Non seulement parce qu\u2019ils d\u00e9finiront votre style et votre personnalit\u00e9, mais aussi en raison du large \u00e9ventail d\u2019options que nous offrons, toutes de la <strong>plus haute qualit\u00e9 et \u00e0 l\u2019esth\u00e9tique captivante<\/strong>. <\/p>\n\n<p>Vous pouvez choisir parmi nos cinq familles de finitions : <strong>Fantasy, Arlux, Fenix, Wood et Select Matte Lacquer<\/strong>, chacune avec ses nombreuses variations au choix, afin de ne manquer aucune couleur ou texture, qu\u2019elle soit traditionnelle ou avant-gardiste.<\/p>\n\n<div style=\"height:15px\" aria-hidden=\"true\" class=\"wp-block-spacer\"><\/div>\n\n<figure class=\"wp-block-image size-large\"><img loading=\"lazy\" decoding=\"async\" width=\"1000\" height=\"667\" src=\"https:\/\/kyrya.es\/wp-content\/uploads\/LAMINA-k2.jpg\" alt=\"\" class=\"wp-image-31958\" srcset=\"https:\/\/kyrya.es\/wp-content\/uploads\/LAMINA-k2.jpg 1000w, https:\/\/kyrya.es\/wp-content\/uploads\/LAMINA-k2-400x267.jpg 400w, https:\/\/kyrya.es\/wp-content\/uploads\/LAMINA-k2-768x512.jpg 768w\" sizes=\"auto, (max-width: 1000px) 100vw, 1000px\" \/><\/figure>\n\n<div style=\"height:15px\" aria-hidden=\"true\" class=\"wp-block-spacer\"><\/div>\n\n<h2 class=\"wp-block-heading\">Si vous avez des doutes&#8230;<\/h2>\n\n<p><a href=\"https:\/\/kyrya.es\/fr\/contacter\/\" target=\"_blank\" rel=\"noreferrer noopener\"><strong>V\u00e9rifiez avec nous<\/strong><\/a>\u00a0! Nous vous aiderons \u00e0 choisir le mobilier qui vous convient le mieux, nous vous informerons de toutes les options de configuration possibles en fonction de vos besoins ainsi que des finitions, compl\u00e9ments et <a href=\"\/?categoria_producto=accesorios-bajolabavos\"><strong>accessoires<\/strong><\/a> disponibles.<\/p>\n\n<p><strong>#DesignAttitude<\/strong><\/p>\n","protected":false},"excerpt":{"rendered":"<p>Parmi la grande vari\u00e9t\u00e9 de meubles pour votre salle de bain que nous fabriquons sur mesure pour vous chez Kyrya, nous voulons nous arr\u00eater au mobilier sous \u00e9vier, ce composant [&#8230;]<\/p>\n","protected":false},"author":3,"featured_media":31974,"comment_status":"closed","ping_status":"closed","sticky":false,"template":"","format":"standard","meta":{"_acf_changed":false,"inline_featured_image":false,"footnotes":""},"categories":[114],"tags":[1530,1542,1593,1594,1615,1659],"class_list":["post-76837","post","type-post","status-publish","format-standard","has-post-thumbnail","hentry","category-main-fr","tag-kyrya-fr","tag-mobilier-de-salle-de-bain-sur-mesure","tag-meubles-de-salle-de-bain","tag-meubles-design","tag-meubles-de-salle-de-bain-sur-mesure","tag-meubles-sous-evier"],"acf":[],"yoast_head":"<!-- This site is optimized with the Yoast SEO plugin v27.5 - https:\/\/yoast.com\/product\/yoast-seo-wordpress\/ -->\n<title>D\u00e9couvrez nos meubles design sous \u00e9vier - Kyrya<\/title>\n<meta name=\"description\" content=\"Parmi la grande vari\u00e9t\u00e9 de meubles pour votre salle de bain que nous fabriquons sur mesure pour vous chez Kyrya, nous voulons nous arr\u00eater au mobilier\" \/>\n<meta name=\"robots\" content=\"index, follow, max-snippet:-1, max-image-preview:large, max-video-preview:-1\" \/>\n<link rel=\"canonical\" href=\"https:\/\/kyrya.es\/fr\/decouvrez-nos-meubles-design-sous-evier\/\" \/>\n<meta property=\"og:locale\" content=\"fr_FR\" \/>\n<meta property=\"og:type\" content=\"article\" \/>\n<meta property=\"og:title\" content=\"D\u00e9couvrez nos meubles design sous \u00e9vier - Kyrya\" \/>\n<meta property=\"og:description\" content=\"Parmi la grande vari\u00e9t\u00e9 de meubles pour votre salle de bain que nous fabriquons sur mesure pour vous chez Kyrya, nous voulons nous arr\u00eater au mobilier\" \/>\n<meta property=\"og:url\" content=\"https:\/\/kyrya.es\/fr\/decouvrez-nos-meubles-design-sous-evier\/\" \/>\n<meta property=\"og:site_name\" content=\"Kyrya\" \/>\n<meta property=\"article:publisher\" content=\"https:\/\/www.facebook.com\/kyrya.es\" \/>\n<meta property=\"article:published_time\" content=\"2021-03-04T12:23:13+00:00\" \/>\n<meta property=\"article:modified_time\" content=\"2024-12-20T12:24:49+00:00\" \/>\n<meta property=\"og:image\" content=\"https:\/\/kyrya.es\/wp-content\/uploads\/K2-LATERAL-ppal-ALTA-1.jpg\" \/>\n\t<meta property=\"og:image:width\" content=\"623\" \/>\n\t<meta property=\"og:image:height\" content=\"507\" \/>\n\t<meta property=\"og:image:type\" content=\"image\/jpeg\" \/>\n<meta name=\"author\" content=\"Chema Ichaso\" \/>\n<meta name=\"twitter:card\" content=\"summary_large_image\" \/>\n<meta name=\"twitter:label1\" content=\"\u00c9crit par\" \/>\n\t<meta name=\"twitter:data1\" content=\"Chema Ichaso\" \/>\n\t<meta name=\"twitter:label2\" content=\"Dur\u00e9e de lecture estim\u00e9e\" \/>\n\t<meta name=\"twitter:data2\" content=\"3 minutes\" \/>\n<script type=\"application\/ld+json\" class=\"yoast-schema-graph\">{\"@context\":\"https:\\\/\\\/schema.org\",\"@graph\":[{\"@type\":\"Article\",\"@id\":\"https:\\\/\\\/kyrya.es\\\/fr\\\/decouvrez-nos-meubles-design-sous-evier\\\/#article\",\"isPartOf\":{\"@id\":\"https:\\\/\\\/kyrya.es\\\/fr\\\/decouvrez-nos-meubles-design-sous-evier\\\/\"},\"author\":{\"name\":\"Chema Ichaso\",\"@id\":\"https:\\\/\\\/kyrya.es\\\/#\\\/schema\\\/person\\\/c5551814ec46a7369b22fd0777f50a6b\"},\"headline\":\"D\u00e9couvrez nos meubles design sous \u00e9vier\",\"datePublished\":\"2021-03-04T12:23:13+00:00\",\"dateModified\":\"2024-12-20T12:24:49+00:00\",\"mainEntityOfPage\":{\"@id\":\"https:\\\/\\\/kyrya.es\\\/fr\\\/decouvrez-nos-meubles-design-sous-evier\\\/\"},\"wordCount\":652,\"publisher\":{\"@id\":\"https:\\\/\\\/kyrya.es\\\/#organization\"},\"image\":{\"@id\":\"https:\\\/\\\/kyrya.es\\\/fr\\\/decouvrez-nos-meubles-design-sous-evier\\\/#primaryimage\"},\"thumbnailUrl\":\"https:\\\/\\\/kyrya.es\\\/wp-content\\\/uploads\\\/K2-LATERAL-ppal-ALTA-1.jpg\",\"keywords\":[\"Kyrya\",\"Mobilier de salle de bain sur mesure\",\"meubles de salle de bain\",\"Meubles design\",\"Meubles de salle de bain sur mesure\",\"Meubles sous \u00e9vier\"],\"articleSection\":[\"Main\"],\"inLanguage\":\"fr-FR\"},{\"@type\":\"WebPage\",\"@id\":\"https:\\\/\\\/kyrya.es\\\/fr\\\/decouvrez-nos-meubles-design-sous-evier\\\/\",\"url\":\"https:\\\/\\\/kyrya.es\\\/fr\\\/decouvrez-nos-meubles-design-sous-evier\\\/\",\"name\":\"D\u00e9couvrez nos meubles design sous \u00e9vier - Kyrya\",\"isPartOf\":{\"@id\":\"https:\\\/\\\/kyrya.es\\\/#website\"},\"primaryImageOfPage\":{\"@id\":\"https:\\\/\\\/kyrya.es\\\/fr\\\/decouvrez-nos-meubles-design-sous-evier\\\/#primaryimage\"},\"image\":{\"@id\":\"https:\\\/\\\/kyrya.es\\\/fr\\\/decouvrez-nos-meubles-design-sous-evier\\\/#primaryimage\"},\"thumbnailUrl\":\"https:\\\/\\\/kyrya.es\\\/wp-content\\\/uploads\\\/K2-LATERAL-ppal-ALTA-1.jpg\",\"datePublished\":\"2021-03-04T12:23:13+00:00\",\"dateModified\":\"2024-12-20T12:24:49+00:00\",\"description\":\"Parmi la grande vari\u00e9t\u00e9 de meubles pour votre salle de bain que nous fabriquons sur mesure pour vous chez Kyrya, nous voulons nous arr\u00eater au mobilier\",\"breadcrumb\":{\"@id\":\"https:\\\/\\\/kyrya.es\\\/fr\\\/decouvrez-nos-meubles-design-sous-evier\\\/#breadcrumb\"},\"inLanguage\":\"fr-FR\",\"potentialAction\":[{\"@type\":\"ReadAction\",\"target\":[\"https:\\\/\\\/kyrya.es\\\/fr\\\/decouvrez-nos-meubles-design-sous-evier\\\/\"]}]},{\"@type\":\"ImageObject\",\"inLanguage\":\"fr-FR\",\"@id\":\"https:\\\/\\\/kyrya.es\\\/fr\\\/decouvrez-nos-meubles-design-sous-evier\\\/#primaryimage\",\"url\":\"https:\\\/\\\/kyrya.es\\\/wp-content\\\/uploads\\\/K2-LATERAL-ppal-ALTA-1.jpg\",\"contentUrl\":\"https:\\\/\\\/kyrya.es\\\/wp-content\\\/uploads\\\/K2-LATERAL-ppal-ALTA-1.jpg\",\"width\":623,\"height\":507},{\"@type\":\"BreadcrumbList\",\"@id\":\"https:\\\/\\\/kyrya.es\\\/fr\\\/decouvrez-nos-meubles-design-sous-evier\\\/#breadcrumb\",\"itemListElement\":[{\"@type\":\"ListItem\",\"position\":1,\"name\":\"Kyrya\",\"item\":\"https:\\\/\\\/kyrya.es\\\/fr\\\/\"},{\"@type\":\"ListItem\",\"position\":2,\"name\":\"D\u00e9couvrez nos meubles design sous \u00e9vier\"}]},{\"@type\":\"WebSite\",\"@id\":\"https:\\\/\\\/kyrya.es\\\/#website\",\"url\":\"https:\\\/\\\/kyrya.es\\\/\",\"name\":\"Kyrya\",\"description\":\"Mobiliario de ba\u00f1o a medida\",\"publisher\":{\"@id\":\"https:\\\/\\\/kyrya.es\\\/#organization\"},\"potentialAction\":[{\"@type\":\"SearchAction\",\"target\":{\"@type\":\"EntryPoint\",\"urlTemplate\":\"https:\\\/\\\/kyrya.es\\\/?s={search_term_string}\"},\"query-input\":{\"@type\":\"PropertyValueSpecification\",\"valueRequired\":true,\"valueName\":\"search_term_string\"}}],\"inLanguage\":\"fr-FR\"},{\"@type\":\"Organization\",\"@id\":\"https:\\\/\\\/kyrya.es\\\/#organization\",\"name\":\"Kyrya\",\"url\":\"https:\\\/\\\/kyrya.es\\\/\",\"logo\":{\"@type\":\"ImageObject\",\"inLanguage\":\"fr-FR\",\"@id\":\"https:\\\/\\\/kyrya.es\\\/#\\\/schema\\\/logo\\\/image\\\/\",\"url\":\"https:\\\/\\\/kyrya.es\\\/wp-content\\\/uploads\\\/logo-kyrya.svg\",\"contentUrl\":\"https:\\\/\\\/kyrya.es\\\/wp-content\\\/uploads\\\/logo-kyrya.svg\",\"width\":\"1280\",\"height\":\"900\",\"caption\":\"Kyrya\"},\"image\":{\"@id\":\"https:\\\/\\\/kyrya.es\\\/#\\\/schema\\\/logo\\\/image\\\/\"},\"sameAs\":[\"https:\\\/\\\/www.facebook.com\\\/kyrya.es\",\"https:\\\/\\\/www.instagram.com\\\/kyrya.es\\\/\",\"https:\\\/\\\/www.linkedin.com\\\/company\\\/kyrya\\\/\",\"https:\\\/\\\/es.pinterest.com\\\/kyrya_es\\\/\"]},{\"@type\":\"Person\",\"@id\":\"https:\\\/\\\/kyrya.es\\\/#\\\/schema\\\/person\\\/c5551814ec46a7369b22fd0777f50a6b\",\"name\":\"Chema Ichaso\",\"image\":{\"@type\":\"ImageObject\",\"inLanguage\":\"fr-FR\",\"@id\":\"https:\\\/\\\/secure.gravatar.com\\\/avatar\\\/52b13a31d3d1870d167c450fdedc1e3f118b5fda06f5e5564975585b1a89a5a7?s=96&d=mm&r=g\",\"url\":\"https:\\\/\\\/secure.gravatar.com\\\/avatar\\\/52b13a31d3d1870d167c450fdedc1e3f118b5fda06f5e5564975585b1a89a5a7?s=96&d=mm&r=g\",\"contentUrl\":\"https:\\\/\\\/secure.gravatar.com\\\/avatar\\\/52b13a31d3d1870d167c450fdedc1e3f118b5fda06f5e5564975585b1a89a5a7?s=96&d=mm&r=g\",\"caption\":\"Chema Ichaso\"}}]}<\/script>\n<!-- \/ Yoast SEO plugin. -->","yoast_head_json":{"title":"D\u00e9couvrez nos meubles design sous \u00e9vier - Kyrya","description":"Parmi la grande vari\u00e9t\u00e9 de meubles pour votre salle de bain que nous fabriquons sur mesure pour vous chez Kyrya, nous voulons nous arr\u00eater au mobilier","robots":{"index":"index","follow":"follow","max-snippet":"max-snippet:-1","max-image-preview":"max-image-preview:large","max-video-preview":"max-video-preview:-1"},"canonical":"https:\/\/kyrya.es\/fr\/decouvrez-nos-meubles-design-sous-evier\/","og_locale":"fr_FR","og_type":"article","og_title":"D\u00e9couvrez nos meubles design sous \u00e9vier - Kyrya","og_description":"Parmi la grande vari\u00e9t\u00e9 de meubles pour votre salle de bain que nous fabriquons sur mesure pour vous chez Kyrya, nous voulons nous arr\u00eater au mobilier","og_url":"https:\/\/kyrya.es\/fr\/decouvrez-nos-meubles-design-sous-evier\/","og_site_name":"Kyrya","article_publisher":"https:\/\/www.facebook.com\/kyrya.es","article_published_time":"2021-03-04T12:23:13+00:00","article_modified_time":"2024-12-20T12:24:49+00:00","og_image":[{"width":623,"height":507,"url":"https:\/\/kyrya.es\/wp-content\/uploads\/K2-LATERAL-ppal-ALTA-1.jpg","type":"image\/jpeg"}],"author":"Chema Ichaso","twitter_card":"summary_large_image","twitter_misc":{"\u00c9crit par":"Chema Ichaso","Dur\u00e9e de lecture estim\u00e9e":"3 minutes"},"schema":{"@context":"https:\/\/schema.org","@graph":[{"@type":"Article","@id":"https:\/\/kyrya.es\/fr\/decouvrez-nos-meubles-design-sous-evier\/#article","isPartOf":{"@id":"https:\/\/kyrya.es\/fr\/decouvrez-nos-meubles-design-sous-evier\/"},"author":{"name":"Chema Ichaso","@id":"https:\/\/kyrya.es\/#\/schema\/person\/c5551814ec46a7369b22fd0777f50a6b"},"headline":"D\u00e9couvrez nos meubles design sous \u00e9vier","datePublished":"2021-03-04T12:23:13+00:00","dateModified":"2024-12-20T12:24:49+00:00","mainEntityOfPage":{"@id":"https:\/\/kyrya.es\/fr\/decouvrez-nos-meubles-design-sous-evier\/"},"wordCount":652,"publisher":{"@id":"https:\/\/kyrya.es\/#organization"},"image":{"@id":"https:\/\/kyrya.es\/fr\/decouvrez-nos-meubles-design-sous-evier\/#primaryimage"},"thumbnailUrl":"https:\/\/kyrya.es\/wp-content\/uploads\/K2-LATERAL-ppal-ALTA-1.jpg","keywords":["Kyrya","Mobilier de salle de bain sur mesure","meubles de salle de bain","Meubles design","Meubles de salle de bain sur mesure","Meubles sous \u00e9vier"],"articleSection":["Main"],"inLanguage":"fr-FR"},{"@type":"WebPage","@id":"https:\/\/kyrya.es\/fr\/decouvrez-nos-meubles-design-sous-evier\/","url":"https:\/\/kyrya.es\/fr\/decouvrez-nos-meubles-design-sous-evier\/","name":"D\u00e9couvrez nos meubles design sous \u00e9vier - Kyrya","isPartOf":{"@id":"https:\/\/kyrya.es\/#website"},"primaryImageOfPage":{"@id":"https:\/\/kyrya.es\/fr\/decouvrez-nos-meubles-design-sous-evier\/#primaryimage"},"image":{"@id":"https:\/\/kyrya.es\/fr\/decouvrez-nos-meubles-design-sous-evier\/#primaryimage"},"thumbnailUrl":"https:\/\/kyrya.es\/wp-content\/uploads\/K2-LATERAL-ppal-ALTA-1.jpg","datePublished":"2021-03-04T12:23:13+00:00","dateModified":"2024-12-20T12:24:49+00:00","description":"Parmi la grande vari\u00e9t\u00e9 de meubles pour votre salle de bain que nous fabriquons sur mesure pour vous chez Kyrya, nous voulons nous arr\u00eater au mobilier","breadcrumb":{"@id":"https:\/\/kyrya.es\/fr\/decouvrez-nos-meubles-design-sous-evier\/#breadcrumb"},"inLanguage":"fr-FR","potentialAction":[{"@type":"ReadAction","target":["https:\/\/kyrya.es\/fr\/decouvrez-nos-meubles-design-sous-evier\/"]}]},{"@type":"ImageObject","inLanguage":"fr-FR","@id":"https:\/\/kyrya.es\/fr\/decouvrez-nos-meubles-design-sous-evier\/#primaryimage","url":"https:\/\/kyrya.es\/wp-content\/uploads\/K2-LATERAL-ppal-ALTA-1.jpg","contentUrl":"https:\/\/kyrya.es\/wp-content\/uploads\/K2-LATERAL-ppal-ALTA-1.jpg","width":623,"height":507},{"@type":"BreadcrumbList","@id":"https:\/\/kyrya.es\/fr\/decouvrez-nos-meubles-design-sous-evier\/#breadcrumb","itemListElement":[{"@type":"ListItem","position":1,"name":"Kyrya","item":"https:\/\/kyrya.es\/fr\/"},{"@type":"ListItem","position":2,"name":"D\u00e9couvrez nos meubles design sous \u00e9vier"}]},{"@type":"WebSite","@id":"https:\/\/kyrya.es\/#website","url":"https:\/\/kyrya.es\/","name":"Kyrya","description":"Mobiliario de ba\u00f1o a medida","publisher":{"@id":"https:\/\/kyrya.es\/#organization"},"potentialAction":[{"@type":"SearchAction","target":{"@type":"EntryPoint","urlTemplate":"https:\/\/kyrya.es\/?s={search_term_string}"},"query-input":{"@type":"PropertyValueSpecification","valueRequired":true,"valueName":"search_term_string"}}],"inLanguage":"fr-FR"},{"@type":"Organization","@id":"https:\/\/kyrya.es\/#organization","name":"Kyrya","url":"https:\/\/kyrya.es\/","logo":{"@type":"ImageObject","inLanguage":"fr-FR","@id":"https:\/\/kyrya.es\/#\/schema\/logo\/image\/","url":"https:\/\/kyrya.es\/wp-content\/uploads\/logo-kyrya.svg","contentUrl":"https:\/\/kyrya.es\/wp-content\/uploads\/logo-kyrya.svg","width":"1280","height":"900","caption":"Kyrya"},"image":{"@id":"https:\/\/kyrya.es\/#\/schema\/logo\/image\/"},"sameAs":["https:\/\/www.facebook.com\/kyrya.es","https:\/\/www.instagram.com\/kyrya.es\/","https:\/\/www.linkedin.com\/company\/kyrya\/","https:\/\/es.pinterest.com\/kyrya_es\/"]},{"@type":"Person","@id":"https:\/\/kyrya.es\/#\/schema\/person\/c5551814ec46a7369b22fd0777f50a6b","name":"Chema Ichaso","image":{"@type":"ImageObject","inLanguage":"fr-FR","@id":"https:\/\/secure.gravatar.com\/avatar\/52b13a31d3d1870d167c450fdedc1e3f118b5fda06f5e5564975585b1a89a5a7?s=96&d=mm&r=g","url":"https:\/\/secure.gravatar.com\/avatar\/52b13a31d3d1870d167c450fdedc1e3f118b5fda06f5e5564975585b1a89a5a7?s=96&d=mm&r=g","contentUrl":"https:\/\/secure.gravatar.com\/avatar\/52b13a31d3d1870d167c450fdedc1e3f118b5fda06f5e5564975585b1a89a5a7?s=96&d=mm&r=g","caption":"Chema Ichaso"}}]}},"_links":{"self":[{"href":"https:\/\/kyrya.es\/fr\/wp-json\/wp\/v2\/posts\/76837","targetHints":{"allow":["GET"]}}],"collection":[{"href":"https:\/\/kyrya.es\/fr\/wp-json\/wp\/v2\/posts"}],"about":[{"href":"https:\/\/kyrya.es\/fr\/wp-json\/wp\/v2\/types\/post"}],"author":[{"embeddable":true,"href":"https:\/\/kyrya.es\/fr\/wp-json\/wp\/v2\/users\/3"}],"replies":[{"embeddable":true,"href":"https:\/\/kyrya.es\/fr\/wp-json\/wp\/v2\/comments?post=76837"}],"version-history":[{"count":1,"href":"https:\/\/kyrya.es\/fr\/wp-json\/wp\/v2\/posts\/76837\/revisions"}],"predecessor-version":[{"id":76838,"href":"https:\/\/kyrya.es\/fr\/wp-json\/wp\/v2\/posts\/76837\/revisions\/76838"}],"wp:featuredmedia":[{"embeddable":true,"href":"https:\/\/kyrya.es\/fr\/wp-json\/wp\/v2\/media\/31974"}],"wp:attachment":[{"href":"https:\/\/kyrya.es\/fr\/wp-json\/wp\/v2\/media?parent=76837"}],"wp:term":[{"taxonomy":"category","embeddable":true,"href":"https:\/\/kyrya.es\/fr\/wp-json\/wp\/v2\/categories?post=76837"},{"taxonomy":"post_tag","embeddable":true,"href":"https:\/\/kyrya.es\/fr\/wp-json\/wp\/v2\/tags?post=76837"}],"curies":[{"name":"wp","href":"https:\/\/api.w.org\/{rel}","templated":true}]}}