{"id":83078,"date":"2026-01-21T12:06:56","date_gmt":"2026-01-21T11:06:56","guid":{"rendered":"https:\/\/kyrya.es\/decouvrez-notre-nouveau-catalogue-tarif-2026\/"},"modified":"2026-01-21T12:13:43","modified_gmt":"2026-01-21T11:13:43","slug":"decouvrez-notre-nouveau-catalogue-tarif-2026","status":"publish","type":"post","link":"https:\/\/kyrya.es\/fr\/decouvrez-notre-nouveau-catalogue-tarif-2026\/","title":{"rendered":"D\u00e9couvrez notre nouveau catalogue tarif 2026 !"},"content":{"rendered":"\n<p><em><strong>Nous \u00e9largissons l\u2019exp\u00e9rience de libert\u00e9 dans la conception de la salle de bain.<\/strong><\/em><\/p>\n\n<p><strong>De plus en plus<\/strong>, le march\u00e9 nous transmet un message tr\u00e8s clair : <strong>les personnes souhaitent des espaces qui leur ressemblent<\/strong>, des lieux qui refl\u00e8tent leur histoire, leur mani\u00e8re de vivre, leur essence. <strong>Chez Kyrya, nous avons toujours cru en cette libert\u00e9.<\/strong><\/p>\n\n<p><strong>Avec ce nouveau catalogue tarif<\/strong>, nous \u00e9levons l\u2019exp\u00e9rience en int\u00e9grant des <strong>nouveaut\u00e9s qui \u00e9largissent les possibilit\u00e9s de personnalisation et de configuration<\/strong>, avec une plus <strong>grande flexibilit\u00e9 <\/strong>afin que<strong> chaque espace de salle de bain<\/strong> soit exactement comme il doit \u00eatre : <strong>unique<\/strong>.<\/p>\n\n<figure class=\"wp-block-image size-large\"><img loading=\"lazy\" decoding=\"async\" width=\"900\" height=\"900\" src=\"https:\/\/kyrya.es\/wp-content\/uploads\/\/07_a4_magazine_mock_up_3_cover_top_view_2-2-900x900.jpg\" alt=\"\" class=\"wp-image-83038\" srcset=\"https:\/\/kyrya.es\/wp-content\/uploads\/07_a4_magazine_mock_up_3_cover_top_view_2-2-900x900.jpg 900w, https:\/\/kyrya.es\/wp-content\/uploads\/07_a4_magazine_mock_up_3_cover_top_view_2-2-400x400.jpg 400w, https:\/\/kyrya.es\/wp-content\/uploads\/07_a4_magazine_mock_up_3_cover_top_view_2-2-240x240.jpg 240w, https:\/\/kyrya.es\/wp-content\/uploads\/07_a4_magazine_mock_up_3_cover_top_view_2-2-768x768.jpg 768w, https:\/\/kyrya.es\/wp-content\/uploads\/07_a4_magazine_mock_up_3_cover_top_view_2-2-1536x1536.jpg 1536w, https:\/\/kyrya.es\/wp-content\/uploads\/07_a4_magazine_mock_up_3_cover_top_view_2-2-2048x2048.jpg 2048w\" sizes=\"auto, (max-width: 900px) 100vw, 900px\" \/><\/figure>\n\n<h3 class=\"wp-block-heading h3\"><strong>Un catalogue tarif repens\u00e9 pour une communication plus claire et intuitive<\/strong><\/h3>\n\n<div class=\"wp-block-columns is-layout-flex wp-container-core-columns-is-layout-9d6595d7 wp-block-columns-is-layout-flex\">\n<div class=\"wp-block-column is-vertically-aligned-top is-layout-flow wp-block-column-is-layout-flow\">\n<p>&#x2705; Des images in\u00e9dites pour une lecture plus inspirante et d\u00e9taill\u00e9e.<\/p>\n\n\n\n<p>&#x2705; Un index repens\u00e9 de mani\u00e8re technique, pour vous guider avec pr\u00e9cision.<\/p>\n\n\n\n<p>&#x2705; Des onglets color\u00e9s assortis \u00e0 l\u2019index, pour une navigation plus simple et agr\u00e9able.<\/p>\n<\/div>\n\n\n\n<div class=\"wp-block-column is-layout-flow wp-block-column-is-layout-flow\">\n<figure class=\"wp-block-image size-large\"><img loading=\"lazy\" decoding=\"async\" width=\"1088\" height=\"900\" src=\"https:\/\/kyrya.es\/wp-content\/uploads\/\/tarifa-interior-general-1088x900.jpg\" alt=\"\" class=\"wp-image-83041\" srcset=\"https:\/\/kyrya.es\/wp-content\/uploads\/tarifa-interior-general-1088x900.jpg 1088w, https:\/\/kyrya.es\/wp-content\/uploads\/tarifa-interior-general-400x331.jpg 400w, https:\/\/kyrya.es\/wp-content\/uploads\/tarifa-interior-general-768x635.jpg 768w, https:\/\/kyrya.es\/wp-content\/uploads\/tarifa-interior-general-1536x1271.jpg 1536w, https:\/\/kyrya.es\/wp-content\/uploads\/tarifa-interior-general-2048x1694.jpg 2048w\" sizes=\"auto, (max-width: 1088px) 100vw, 1088px\" \/><\/figure>\n<\/div>\n<\/div>\n\n<h3 class=\"wp-block-heading has-text-align-center h3 has-white-color has-text-color has-background has-link-color wp-elements-4e4b8c1e5b284b7b3aebea5840df545e\" style=\"background-color:#5e4a46\"><strong>D\u00e9couvrez les nouveaut\u00e9s du catalogue tarif 2026<\/strong><\/h3>\n\n<p>Nous avons \u00e9cout\u00e9 nos clients pour cr\u00e9er des solutions encore plus polyvalentes et fonctionnelles, offrant une personnalisation totale, pens\u00e9e pour chaque projet.<\/p>\n\n<div class=\"wp-block-columns is-layout-flex wp-container-core-columns-is-layout-9d6595d7 wp-block-columns-is-layout-flex\">\n<div class=\"wp-block-column is-vertically-aligned-center is-layout-flow wp-block-column-is-layout-flow\">\n<h4 class=\"wp-block-heading h4\"><strong>Libert\u00e9 totale avec les fa\u00e7ades Strip<\/strong><\/h4>\n\n\n\n<p class=\"is-style-default\">Le design personnalis\u00e9 arrive sur les fa\u00e7ades STRIP\u202f: choisissez la fa\u00e7ade exacte sur laquelle appliquer votre style et adaptez-la enti\u00e8rement aux besoins de votre projet.<\/p>\n<\/div>\n\n\n\n<div class=\"wp-block-column is-layout-flow wp-block-column-is-layout-flow\">\n<figure class=\"wp-block-image size-full\"><img loading=\"lazy\" decoding=\"async\" width=\"1000\" height=\"559\" src=\"https:\/\/kyrya.es\/wp-content\/uploads\/animacion-frente-personalizado-strip-V02.gif\" alt=\"\" class=\"wp-image-83044\"\/><\/figure>\n<\/div>\n<\/div>\n\n<h4 class=\"wp-block-heading h3\"><strong>Red\u00e9couvrez la fa\u00e7ade Euphoria<\/strong><\/h4>\n\n<p>La fa\u00e7ade Euphoria fait son entr\u00e9e dans la tarification avec une nouvelle finition Zebrano et la possibilit\u00e9 de s\u00e9lectionner un c\u0153ur MDF ou noir, pour un rendu unique et sur-mesure.<\/p>\n\n<div class=\"wp-block-columns is-layout-flex wp-container-core-columns-is-layout-9d6595d7 wp-block-columns-is-layout-flex\">\n<div class=\"wp-block-column is-layout-flow wp-block-column-is-layout-flow\">\n<figure class=\"wp-block-image size-full\"><img loading=\"lazy\" decoding=\"async\" width=\"798\" height=\"479\" src=\"https:\/\/kyrya.es\/wp-content\/uploads\/Frente-EUPHORIA-N1-SIMETRICO-VERTICAL-MANO01-nogal-claro-ISO-V02.png\" alt=\"\" class=\"wp-image-83047\" srcset=\"https:\/\/kyrya.es\/wp-content\/uploads\/Frente-EUPHORIA-N1-SIMETRICO-VERTICAL-MANO01-nogal-claro-ISO-V02.png 798w, https:\/\/kyrya.es\/wp-content\/uploads\/Frente-EUPHORIA-N1-SIMETRICO-VERTICAL-MANO01-nogal-claro-ISO-V02-400x240.png 400w, https:\/\/kyrya.es\/wp-content\/uploads\/Frente-EUPHORIA-N1-SIMETRICO-VERTICAL-MANO01-nogal-claro-ISO-V02-768x461.png 768w\" sizes=\"auto, (max-width: 798px) 100vw, 798px\" \/><\/figure>\n\n\n\n<p><strong><em>Euphoria N\u00facleo MDF<\/em><\/strong><\/p>\n<\/div>\n\n\n\n<div class=\"wp-block-column is-layout-flow wp-block-column-is-layout-flow\">\n<figure class=\"wp-block-image size-full\"><img loading=\"lazy\" decoding=\"async\" width=\"944\" height=\"535\" src=\"https:\/\/kyrya.es\/wp-content\/uploads\/Frente-EUPHORIA-N1-SIMETRICO-VERTICAL-MAZO01-zebrano-new-vainilla-nucleo-negro-ISO.png\" alt=\"\" class=\"wp-image-83050\" srcset=\"https:\/\/kyrya.es\/wp-content\/uploads\/Frente-EUPHORIA-N1-SIMETRICO-VERTICAL-MAZO01-zebrano-new-vainilla-nucleo-negro-ISO.png 944w, https:\/\/kyrya.es\/wp-content\/uploads\/Frente-EUPHORIA-N1-SIMETRICO-VERTICAL-MAZO01-zebrano-new-vainilla-nucleo-negro-ISO-400x227.png 400w, https:\/\/kyrya.es\/wp-content\/uploads\/Frente-EUPHORIA-N1-SIMETRICO-VERTICAL-MAZO01-zebrano-new-vainilla-nucleo-negro-ISO-768x435.png 768w\" sizes=\"auto, (max-width: 944px) 100vw, 944px\" \/><\/figure>\n\n\n\n<p><strong><em>Euphoria C\u0153ur Noir<\/em><\/strong><\/p>\n<\/div>\n<\/div>\n\n<p>Nous continuons \u00e0 proposer de nouvelles solutions pens\u00e9es pour optimiser l\u2019organisation et am\u00e9liorer l\u2019exp\u00e9rience utilisateur, avec le design toujours au c\u0153ur de chaque projet.<\/p>\n\n<div class=\"wp-block-columns is-layout-flex wp-container-core-columns-is-layout-9d6595d7 wp-block-columns-is-layout-flex\">\n<div class=\"wp-block-column is-layout-flow wp-block-column-is-layout-flow\">\n<figure class=\"wp-block-image size-full\"><img loading=\"lazy\" decoding=\"async\" width=\"1000\" height=\"500\" src=\"https:\/\/kyrya.es\/wp-content\/uploads\/Organizadores-cajon-AMBIENTE-2025-cajon-superior-e-inferior-organizador-madera-1.jpg\" alt=\"\" class=\"wp-image-83053\" srcset=\"https:\/\/kyrya.es\/wp-content\/uploads\/Organizadores-cajon-AMBIENTE-2025-cajon-superior-e-inferior-organizador-madera-1.jpg 1000w, https:\/\/kyrya.es\/wp-content\/uploads\/Organizadores-cajon-AMBIENTE-2025-cajon-superior-e-inferior-organizador-madera-1-400x200.jpg 400w, https:\/\/kyrya.es\/wp-content\/uploads\/Organizadores-cajon-AMBIENTE-2025-cajon-superior-e-inferior-organizador-madera-1-768x384.jpg 768w\" sizes=\"auto, (max-width: 1000px) 100vw, 1000px\" \/><\/figure>\n\n\n\n<p><strong>Nouveaux organisateurs<\/strong> de tiroirs en bois de bambou<\/p>\n<\/div>\n\n\n\n<div class=\"wp-block-column is-layout-flow wp-block-column-is-layout-flow\">\n<figure class=\"wp-block-image size-full\"><img loading=\"lazy\" decoding=\"async\" width=\"1000\" height=\"500\" src=\"https:\/\/kyrya.es\/wp-content\/uploads\/muestrarios.jpg\" alt=\"\" class=\"wp-image-83056\" srcset=\"https:\/\/kyrya.es\/wp-content\/uploads\/muestrarios.jpg 1000w, https:\/\/kyrya.es\/wp-content\/uploads\/muestrarios-400x200.jpg 400w, https:\/\/kyrya.es\/wp-content\/uploads\/muestrarios-768x384.jpg 768w\" sizes=\"auto, (max-width: 1000px) 100vw, 1000px\" \/><\/figure>\n\n\n\n<p><strong>Nouvelles finitions <strong>et options<\/strong><\/strong> dans notre gamme de mobilier<\/p>\n<\/div>\n<\/div>\n\n<h3 class=\"wp-block-heading has-text-align-center h3 has-white-color has-text-color has-background has-link-color wp-elements-ec0d0d6627d2e097b20dc576d5a7b295\" style=\"background-color:#5e4a46\"><strong><strong>Nuevas opciones en lavabos <\/strong><\/strong><br\/><strong><strong>y encimeras de porcelana<\/strong><\/strong><\/h3>\n\n<p>Nous \u00e9largissons notre offre de lavabos et plans en c\u00e9ramique avec de nouvelles options de design et de dimensions, pour offrir une plus grande polyvalence \u00e0 tous vos projets.<\/p>\n\n<div class=\"wp-block-columns is-layout-flex wp-container-core-columns-is-layout-9d6595d7 wp-block-columns-is-layout-flex\">\n<div class=\"wp-block-column is-layout-flow wp-block-column-is-layout-flow\">\n<figure class=\"wp-block-image size-large\"><img loading=\"lazy\" decoding=\"async\" width=\"900\" height=\"900\" src=\"https:\/\/kyrya.es\/wp-content\/uploads\/\/lavabos-nuevos-posar-GIF-900x900.gif\" alt=\"\" class=\"wp-image-83059\" srcset=\"https:\/\/kyrya.es\/wp-content\/uploads\/lavabos-nuevos-posar-GIF-900x900.gif 900w, https:\/\/kyrya.es\/wp-content\/uploads\/lavabos-nuevos-posar-GIF-400x400.gif 400w, https:\/\/kyrya.es\/wp-content\/uploads\/lavabos-nuevos-posar-GIF-240x240.gif 240w, https:\/\/kyrya.es\/wp-content\/uploads\/lavabos-nuevos-posar-GIF-768x768.gif 768w\" sizes=\"auto, (max-width: 900px) 100vw, 900px\" \/><\/figure>\n\n\n\n<p><strong>Trois nouveaux lavabos \u00e0 poser<\/strong> de grande <strong>qualit\u00e9 <\/strong>et au <strong>design <\/strong>tendance<\/p>\n<\/div>\n\n\n\n<div class=\"wp-block-column is-layout-flow wp-block-column-is-layout-flow\">\n<figure class=\"wp-block-image size-large\"><img loading=\"lazy\" decoding=\"async\" width=\"900\" height=\"900\" src=\"https:\/\/kyrya.es\/wp-content\/uploads\/\/lavabos-italianos-gif-900x900.gif\" alt=\"\" class=\"wp-image-83062\" srcset=\"https:\/\/kyrya.es\/wp-content\/uploads\/lavabos-italianos-gif-900x900.gif 900w, https:\/\/kyrya.es\/wp-content\/uploads\/lavabos-italianos-gif-400x400.gif 400w, https:\/\/kyrya.es\/wp-content\/uploads\/lavabos-italianos-gif-240x240.gif 240w, https:\/\/kyrya.es\/wp-content\/uploads\/lavabos-italianos-gif-768x768.gif 768w\" sizes=\"auto, (max-width: 900px) 100vw, 900px\" \/><\/figure>\n\n\n\n<p>Nouveaux <strong>lavabos italiens<\/strong>, garantissant <strong>durabilit\u00e9 <\/strong>et <strong>esth\u00e9tisme <\/strong>dans chaque projet<\/p>\n<\/div>\n\n\n\n<div class=\"wp-block-column is-layout-flow wp-block-column-is-layout-flow\">\n<figure class=\"wp-block-image size-large\"><img loading=\"lazy\" decoding=\"async\" width=\"900\" height=\"900\" src=\"https:\/\/kyrya.es\/wp-content\/uploads\/\/river-GIF-900x900.gif\" alt=\"\" class=\"wp-image-83065\" srcset=\"https:\/\/kyrya.es\/wp-content\/uploads\/river-GIF-900x900.gif 900w, https:\/\/kyrya.es\/wp-content\/uploads\/river-GIF-400x400.gif 400w, https:\/\/kyrya.es\/wp-content\/uploads\/river-GIF-240x240.gif 240w, https:\/\/kyrya.es\/wp-content\/uploads\/river-GIF-768x768.gif 768w\" sizes=\"auto, (max-width: 900px) 100vw, 900px\" \/><\/figure>\n\n\n\n<p>Mise \u00e0 jour du <strong>plan River<\/strong> avec de nouvelles <strong>finitions blanc et noir mat <\/strong><\/p>\n<\/div>\n<\/div>\n\n<h3 class=\"wp-block-heading has-text-align-center h3 has-white-color has-text-color has-background has-link-color wp-elements-d7635ddfe7fc963ce77f2bea37eab68c\" style=\"background-color:#5e4a46\"><strong>Nouvelles solutions pour l\u2019espace salle de bain<\/strong><\/h3>\n\n<div class=\"wp-block-columns is-layout-flex wp-container-core-columns-is-layout-9d6595d7 wp-block-columns-is-layout-flex\">\n<div class=\"wp-block-column is-layout-flow wp-block-column-is-layout-flow\">\n<figure class=\"wp-block-image size-large\"><img loading=\"lazy\" decoding=\"async\" width=\"900\" height=\"900\" src=\"https:\/\/kyrya.es\/wp-content\/uploads\/\/Detalle-botones-touch-antivaho-luz-copia-900x900.jpg\" alt=\"\" class=\"wp-image-83068\" srcset=\"https:\/\/kyrya.es\/wp-content\/uploads\/Detalle-botones-touch-antivaho-luz-copia-900x900.jpg 900w, https:\/\/kyrya.es\/wp-content\/uploads\/Detalle-botones-touch-antivaho-luz-copia-400x400.jpg 400w, https:\/\/kyrya.es\/wp-content\/uploads\/Detalle-botones-touch-antivaho-luz-copia-240x240.jpg 240w, https:\/\/kyrya.es\/wp-content\/uploads\/Detalle-botones-touch-antivaho-luz-copia-768x768.jpg 768w, https:\/\/kyrya.es\/wp-content\/uploads\/Detalle-botones-touch-antivaho-luz-copia.jpg 1000w\" sizes=\"auto, (max-width: 900px) 100vw, 900px\" \/><\/figure>\n\n\n\n<p><strong>Nous renfor\u00e7ons la technologie<\/strong> de nos <strong>miroirs et armoires de toilette<\/strong><\/p>\n<\/div>\n\n\n\n<div class=\"wp-block-column is-layout-flow wp-block-column-is-layout-flow\">\n<figure class=\"wp-block-image size-large\"><img loading=\"lazy\" decoding=\"async\" width=\"900\" height=\"900\" src=\"https:\/\/kyrya.es\/wp-content\/uploads\/\/ENTRADA-PIVSTONE-1-900x900.jpg\" alt=\"\" class=\"wp-image-83071\" srcset=\"https:\/\/kyrya.es\/wp-content\/uploads\/ENTRADA-PIVSTONE-1-900x900.jpg 900w, https:\/\/kyrya.es\/wp-content\/uploads\/ENTRADA-PIVSTONE-1-400x400.jpg 400w, https:\/\/kyrya.es\/wp-content\/uploads\/ENTRADA-PIVSTONE-1-240x240.jpg 240w, https:\/\/kyrya.es\/wp-content\/uploads\/ENTRADA-PIVSTONE-1-768x768.jpg 768w, https:\/\/kyrya.es\/wp-content\/uploads\/ENTRADA-PIVSTONE-1.jpg 1000w\" sizes=\"auto, (max-width: 900px) 100vw, 900px\" \/><\/figure>\n\n\n\n<p><strong>Nouvelles finitions<\/strong> <strong>tendance <\/strong>pour nos solutions <strong>Pivstone<\/strong>.<\/p>\n<\/div>\n\n\n\n<div class=\"wp-block-column is-layout-flow wp-block-column-is-layout-flow\">\n<figure class=\"wp-block-image size-large\"><img loading=\"lazy\" decoding=\"async\" width=\"900\" height=\"900\" src=\"https:\/\/kyrya.es\/wp-content\/uploads\/\/baselavadora-900x900.jpg\" alt=\"\" class=\"wp-image-83074\" srcset=\"https:\/\/kyrya.es\/wp-content\/uploads\/baselavadora-900x900.jpg 900w, https:\/\/kyrya.es\/wp-content\/uploads\/baselavadora-400x400.jpg 400w, https:\/\/kyrya.es\/wp-content\/uploads\/baselavadora-240x240.jpg 240w, https:\/\/kyrya.es\/wp-content\/uploads\/baselavadora-768x768.jpg 768w, https:\/\/kyrya.es\/wp-content\/uploads\/baselavadora.jpg 1000w\" sizes=\"auto, (max-width: 900px) 100vw, 900px\" \/><\/figure>\n\n\n\n<p><strong>Nouvelle base pour lave-linge\/s\u00e8che-linge dans la zone buanderie<\/strong><\/p>\n<\/div>\n<\/div>\n\n<p>Bienvenus \u00e0 l\u2019authentique personnalisation.<\/p>\n\n<p>Bienvenus \u00e0 <strong><em>The Freedom Experience.<\/em><\/strong><\/p>\n\n<p>D\u00e9couvrez toutes les nouveaut\u00e9s sur notre <a href=\"https:\/\/kyrya.es\/fr\/\" target=\"_blank\" rel=\"noreferrer noopener\">web <\/a>et restez connect\u00e9 \u00e0 nos r\u00e9seaux sociaux pour \u00eatre au courant des nouveaux lancements, trouver l&rsquo;inspiration et suivre l&rsquo;actualit\u00e9 !<\/p>\n","protected":false},"excerpt":{"rendered":"<p>Nous \u00e9largissons l\u2019exp\u00e9rience de libert\u00e9 dans la conception de la salle de bain. De plus en plus, le march\u00e9 nous transmet un message tr\u00e8s clair : les personnes souhaitent des [&#8230;]<\/p>\n","protected":false},"author":1912,"featured_media":83037,"comment_status":"closed","ping_status":"closed","sticky":false,"template":"","format":"standard","meta":{"_acf_changed":false,"inline_featured_image":false,"footnotes":""},"categories":[114],"tags":[],"class_list":["post-83078","post","type-post","status-publish","format-standard","has-post-thumbnail","hentry","category-main-fr"],"acf":[],"yoast_head":"<!-- This site is optimized with the Yoast SEO plugin v27.5 - https:\/\/yoast.com\/product\/yoast-seo-wordpress\/ -->\n<title>D\u00e9couvrez notre nouveau catalogue tarif 2026 ! - Kyrya<\/title>\n<meta name=\"description\" content=\"Nous \u00e9largissons l\u2019exp\u00e9rience de libert\u00e9 dans la conception de la salle de bain. De plus en plus, le march\u00e9 nous transmet un message tr\u00e8s clair : les\" \/>\n<meta name=\"robots\" content=\"index, follow, max-snippet:-1, max-image-preview:large, max-video-preview:-1\" \/>\n<link rel=\"canonical\" href=\"https:\/\/kyrya.es\/fr\/decouvrez-notre-nouveau-catalogue-tarif-2026\/\" \/>\n<meta property=\"og:locale\" content=\"fr_FR\" \/>\n<meta property=\"og:type\" content=\"article\" \/>\n<meta property=\"og:title\" content=\"D\u00e9couvrez notre nouveau catalogue tarif 2026 ! - Kyrya\" \/>\n<meta property=\"og:description\" content=\"Nous \u00e9largissons l\u2019exp\u00e9rience de libert\u00e9 dans la conception de la salle de bain. De plus en plus, le march\u00e9 nous transmet un message tr\u00e8s clair : les\" \/>\n<meta property=\"og:url\" content=\"https:\/\/kyrya.es\/fr\/decouvrez-notre-nouveau-catalogue-tarif-2026\/\" \/>\n<meta property=\"og:site_name\" content=\"Kyrya\" \/>\n<meta property=\"article:publisher\" content=\"https:\/\/www.facebook.com\/kyrya.es\" \/>\n<meta property=\"article:published_time\" content=\"2026-01-21T11:06:56+00:00\" \/>\n<meta property=\"article:modified_time\" content=\"2026-01-21T11:13:43+00:00\" \/>\n<meta property=\"og:image\" content=\"https:\/\/kyrya.es\/wp-content\/uploads\/07_a4_magazine_mock_up_3_cover_top_view_2-1-scaled.jpg\" \/>\n\t<meta property=\"og:image:width\" content=\"2560\" \/>\n\t<meta property=\"og:image:height\" content=\"2560\" \/>\n\t<meta property=\"og:image:type\" content=\"image\/jpeg\" \/>\n<meta name=\"author\" content=\"David Porta\" \/>\n<meta name=\"twitter:card\" content=\"summary_large_image\" \/>\n<meta name=\"twitter:label1\" content=\"\u00c9crit par\" \/>\n\t<meta name=\"twitter:data1\" content=\"David Porta\" \/>\n\t<meta name=\"twitter:label2\" content=\"Dur\u00e9e de lecture estim\u00e9e\" \/>\n\t<meta name=\"twitter:data2\" content=\"2 minutes\" \/>\n<script type=\"application\/ld+json\" class=\"yoast-schema-graph\">{\"@context\":\"https:\\\/\\\/schema.org\",\"@graph\":[{\"@type\":\"Article\",\"@id\":\"https:\\\/\\\/kyrya.es\\\/fr\\\/decouvrez-notre-nouveau-catalogue-tarif-2026\\\/#article\",\"isPartOf\":{\"@id\":\"https:\\\/\\\/kyrya.es\\\/fr\\\/decouvrez-notre-nouveau-catalogue-tarif-2026\\\/\"},\"author\":{\"name\":\"David Porta\",\"@id\":\"https:\\\/\\\/kyrya.es\\\/#\\\/schema\\\/person\\\/1b079b63cf56e27ceada31c3a3eee908\"},\"headline\":\"D\u00e9couvrez notre nouveau catalogue tarif 2026 !\",\"datePublished\":\"2026-01-21T11:06:56+00:00\",\"dateModified\":\"2026-01-21T11:13:43+00:00\",\"mainEntityOfPage\":{\"@id\":\"https:\\\/\\\/kyrya.es\\\/fr\\\/decouvrez-notre-nouveau-catalogue-tarif-2026\\\/\"},\"wordCount\":474,\"publisher\":{\"@id\":\"https:\\\/\\\/kyrya.es\\\/#organization\"},\"image\":{\"@id\":\"https:\\\/\\\/kyrya.es\\\/fr\\\/decouvrez-notre-nouveau-catalogue-tarif-2026\\\/#primaryimage\"},\"thumbnailUrl\":\"https:\\\/\\\/kyrya.es\\\/wp-content\\\/uploads\\\/07_a4_magazine_mock_up_3_cover_top_view_2-1-scaled.jpg\",\"articleSection\":[\"Main\"],\"inLanguage\":\"fr-FR\"},{\"@type\":\"WebPage\",\"@id\":\"https:\\\/\\\/kyrya.es\\\/fr\\\/decouvrez-notre-nouveau-catalogue-tarif-2026\\\/\",\"url\":\"https:\\\/\\\/kyrya.es\\\/fr\\\/decouvrez-notre-nouveau-catalogue-tarif-2026\\\/\",\"name\":\"D\u00e9couvrez notre nouveau catalogue tarif 2026 ! - Kyrya\",\"isPartOf\":{\"@id\":\"https:\\\/\\\/kyrya.es\\\/#website\"},\"primaryImageOfPage\":{\"@id\":\"https:\\\/\\\/kyrya.es\\\/fr\\\/decouvrez-notre-nouveau-catalogue-tarif-2026\\\/#primaryimage\"},\"image\":{\"@id\":\"https:\\\/\\\/kyrya.es\\\/fr\\\/decouvrez-notre-nouveau-catalogue-tarif-2026\\\/#primaryimage\"},\"thumbnailUrl\":\"https:\\\/\\\/kyrya.es\\\/wp-content\\\/uploads\\\/07_a4_magazine_mock_up_3_cover_top_view_2-1-scaled.jpg\",\"datePublished\":\"2026-01-21T11:06:56+00:00\",\"dateModified\":\"2026-01-21T11:13:43+00:00\",\"description\":\"Nous \u00e9largissons l\u2019exp\u00e9rience de libert\u00e9 dans la conception de la salle de bain. De plus en plus, le march\u00e9 nous transmet un message tr\u00e8s clair : les\",\"breadcrumb\":{\"@id\":\"https:\\\/\\\/kyrya.es\\\/fr\\\/decouvrez-notre-nouveau-catalogue-tarif-2026\\\/#breadcrumb\"},\"inLanguage\":\"fr-FR\",\"potentialAction\":[{\"@type\":\"ReadAction\",\"target\":[\"https:\\\/\\\/kyrya.es\\\/fr\\\/decouvrez-notre-nouveau-catalogue-tarif-2026\\\/\"]}]},{\"@type\":\"ImageObject\",\"inLanguage\":\"fr-FR\",\"@id\":\"https:\\\/\\\/kyrya.es\\\/fr\\\/decouvrez-notre-nouveau-catalogue-tarif-2026\\\/#primaryimage\",\"url\":\"https:\\\/\\\/kyrya.es\\\/wp-content\\\/uploads\\\/07_a4_magazine_mock_up_3_cover_top_view_2-1-scaled.jpg\",\"contentUrl\":\"https:\\\/\\\/kyrya.es\\\/wp-content\\\/uploads\\\/07_a4_magazine_mock_up_3_cover_top_view_2-1-scaled.jpg\",\"width\":2560,\"height\":2560},{\"@type\":\"BreadcrumbList\",\"@id\":\"https:\\\/\\\/kyrya.es\\\/fr\\\/decouvrez-notre-nouveau-catalogue-tarif-2026\\\/#breadcrumb\",\"itemListElement\":[{\"@type\":\"ListItem\",\"position\":1,\"name\":\"Kyrya\",\"item\":\"https:\\\/\\\/kyrya.es\\\/fr\\\/\"},{\"@type\":\"ListItem\",\"position\":2,\"name\":\"D\u00e9couvrez notre nouveau catalogue tarif 2026 !\"}]},{\"@type\":\"WebSite\",\"@id\":\"https:\\\/\\\/kyrya.es\\\/#website\",\"url\":\"https:\\\/\\\/kyrya.es\\\/\",\"name\":\"Kyrya\",\"description\":\"Mobiliario de ba\u00f1o a medida\",\"publisher\":{\"@id\":\"https:\\\/\\\/kyrya.es\\\/#organization\"},\"potentialAction\":[{\"@type\":\"SearchAction\",\"target\":{\"@type\":\"EntryPoint\",\"urlTemplate\":\"https:\\\/\\\/kyrya.es\\\/?s={search_term_string}\"},\"query-input\":{\"@type\":\"PropertyValueSpecification\",\"valueRequired\":true,\"valueName\":\"search_term_string\"}}],\"inLanguage\":\"fr-FR\"},{\"@type\":\"Organization\",\"@id\":\"https:\\\/\\\/kyrya.es\\\/#organization\",\"name\":\"Kyrya\",\"url\":\"https:\\\/\\\/kyrya.es\\\/\",\"logo\":{\"@type\":\"ImageObject\",\"inLanguage\":\"fr-FR\",\"@id\":\"https:\\\/\\\/kyrya.es\\\/#\\\/schema\\\/logo\\\/image\\\/\",\"url\":\"https:\\\/\\\/kyrya.es\\\/wp-content\\\/uploads\\\/logo-kyrya.svg\",\"contentUrl\":\"https:\\\/\\\/kyrya.es\\\/wp-content\\\/uploads\\\/logo-kyrya.svg\",\"width\":\"1280\",\"height\":\"900\",\"caption\":\"Kyrya\"},\"image\":{\"@id\":\"https:\\\/\\\/kyrya.es\\\/#\\\/schema\\\/logo\\\/image\\\/\"},\"sameAs\":[\"https:\\\/\\\/www.facebook.com\\\/kyrya.es\",\"https:\\\/\\\/www.instagram.com\\\/kyrya.es\\\/\",\"https:\\\/\\\/www.linkedin.com\\\/company\\\/kyrya\\\/\",\"https:\\\/\\\/es.pinterest.com\\\/kyrya_es\\\/\"]},{\"@type\":\"Person\",\"@id\":\"https:\\\/\\\/kyrya.es\\\/#\\\/schema\\\/person\\\/1b079b63cf56e27ceada31c3a3eee908\",\"name\":\"David Porta\",\"image\":{\"@type\":\"ImageObject\",\"inLanguage\":\"fr-FR\",\"@id\":\"https:\\\/\\\/secure.gravatar.com\\\/avatar\\\/8ae85b48abc870688ba6b473a6219b5fcfff3ec5b8b394dc82b38c3e0e1545bb?s=96&d=mm&r=g\",\"url\":\"https:\\\/\\\/secure.gravatar.com\\\/avatar\\\/8ae85b48abc870688ba6b473a6219b5fcfff3ec5b8b394dc82b38c3e0e1545bb?s=96&d=mm&r=g\",\"contentUrl\":\"https:\\\/\\\/secure.gravatar.com\\\/avatar\\\/8ae85b48abc870688ba6b473a6219b5fcfff3ec5b8b394dc82b38c3e0e1545bb?s=96&d=mm&r=g\",\"caption\":\"David Porta\"},\"sameAs\":[\"http:\\\/\\\/kyrya.es\"]}]}<\/script>\n<!-- \/ Yoast SEO plugin. -->","yoast_head_json":{"title":"D\u00e9couvrez notre nouveau catalogue tarif 2026 ! - Kyrya","description":"Nous \u00e9largissons l\u2019exp\u00e9rience de libert\u00e9 dans la conception de la salle de bain. De plus en plus, le march\u00e9 nous transmet un message tr\u00e8s clair : les","robots":{"index":"index","follow":"follow","max-snippet":"max-snippet:-1","max-image-preview":"max-image-preview:large","max-video-preview":"max-video-preview:-1"},"canonical":"https:\/\/kyrya.es\/fr\/decouvrez-notre-nouveau-catalogue-tarif-2026\/","og_locale":"fr_FR","og_type":"article","og_title":"D\u00e9couvrez notre nouveau catalogue tarif 2026 ! - Kyrya","og_description":"Nous \u00e9largissons l\u2019exp\u00e9rience de libert\u00e9 dans la conception de la salle de bain. De plus en plus, le march\u00e9 nous transmet un message tr\u00e8s clair : les","og_url":"https:\/\/kyrya.es\/fr\/decouvrez-notre-nouveau-catalogue-tarif-2026\/","og_site_name":"Kyrya","article_publisher":"https:\/\/www.facebook.com\/kyrya.es","article_published_time":"2026-01-21T11:06:56+00:00","article_modified_time":"2026-01-21T11:13:43+00:00","og_image":[{"width":2560,"height":2560,"url":"https:\/\/kyrya.es\/wp-content\/uploads\/07_a4_magazine_mock_up_3_cover_top_view_2-1-scaled.jpg","type":"image\/jpeg"}],"author":"David Porta","twitter_card":"summary_large_image","twitter_misc":{"\u00c9crit par":"David Porta","Dur\u00e9e de lecture estim\u00e9e":"2 minutes"},"schema":{"@context":"https:\/\/schema.org","@graph":[{"@type":"Article","@id":"https:\/\/kyrya.es\/fr\/decouvrez-notre-nouveau-catalogue-tarif-2026\/#article","isPartOf":{"@id":"https:\/\/kyrya.es\/fr\/decouvrez-notre-nouveau-catalogue-tarif-2026\/"},"author":{"name":"David Porta","@id":"https:\/\/kyrya.es\/#\/schema\/person\/1b079b63cf56e27ceada31c3a3eee908"},"headline":"D\u00e9couvrez notre nouveau catalogue tarif 2026 !","datePublished":"2026-01-21T11:06:56+00:00","dateModified":"2026-01-21T11:13:43+00:00","mainEntityOfPage":{"@id":"https:\/\/kyrya.es\/fr\/decouvrez-notre-nouveau-catalogue-tarif-2026\/"},"wordCount":474,"publisher":{"@id":"https:\/\/kyrya.es\/#organization"},"image":{"@id":"https:\/\/kyrya.es\/fr\/decouvrez-notre-nouveau-catalogue-tarif-2026\/#primaryimage"},"thumbnailUrl":"https:\/\/kyrya.es\/wp-content\/uploads\/07_a4_magazine_mock_up_3_cover_top_view_2-1-scaled.jpg","articleSection":["Main"],"inLanguage":"fr-FR"},{"@type":"WebPage","@id":"https:\/\/kyrya.es\/fr\/decouvrez-notre-nouveau-catalogue-tarif-2026\/","url":"https:\/\/kyrya.es\/fr\/decouvrez-notre-nouveau-catalogue-tarif-2026\/","name":"D\u00e9couvrez notre nouveau catalogue tarif 2026 ! - Kyrya","isPartOf":{"@id":"https:\/\/kyrya.es\/#website"},"primaryImageOfPage":{"@id":"https:\/\/kyrya.es\/fr\/decouvrez-notre-nouveau-catalogue-tarif-2026\/#primaryimage"},"image":{"@id":"https:\/\/kyrya.es\/fr\/decouvrez-notre-nouveau-catalogue-tarif-2026\/#primaryimage"},"thumbnailUrl":"https:\/\/kyrya.es\/wp-content\/uploads\/07_a4_magazine_mock_up_3_cover_top_view_2-1-scaled.jpg","datePublished":"2026-01-21T11:06:56+00:00","dateModified":"2026-01-21T11:13:43+00:00","description":"Nous \u00e9largissons l\u2019exp\u00e9rience de libert\u00e9 dans la conception de la salle de bain. De plus en plus, le march\u00e9 nous transmet un message tr\u00e8s clair : les","breadcrumb":{"@id":"https:\/\/kyrya.es\/fr\/decouvrez-notre-nouveau-catalogue-tarif-2026\/#breadcrumb"},"inLanguage":"fr-FR","potentialAction":[{"@type":"ReadAction","target":["https:\/\/kyrya.es\/fr\/decouvrez-notre-nouveau-catalogue-tarif-2026\/"]}]},{"@type":"ImageObject","inLanguage":"fr-FR","@id":"https:\/\/kyrya.es\/fr\/decouvrez-notre-nouveau-catalogue-tarif-2026\/#primaryimage","url":"https:\/\/kyrya.es\/wp-content\/uploads\/07_a4_magazine_mock_up_3_cover_top_view_2-1-scaled.jpg","contentUrl":"https:\/\/kyrya.es\/wp-content\/uploads\/07_a4_magazine_mock_up_3_cover_top_view_2-1-scaled.jpg","width":2560,"height":2560},{"@type":"BreadcrumbList","@id":"https:\/\/kyrya.es\/fr\/decouvrez-notre-nouveau-catalogue-tarif-2026\/#breadcrumb","itemListElement":[{"@type":"ListItem","position":1,"name":"Kyrya","item":"https:\/\/kyrya.es\/fr\/"},{"@type":"ListItem","position":2,"name":"D\u00e9couvrez notre nouveau catalogue tarif 2026 !"}]},{"@type":"WebSite","@id":"https:\/\/kyrya.es\/#website","url":"https:\/\/kyrya.es\/","name":"Kyrya","description":"Mobiliario de ba\u00f1o a medida","publisher":{"@id":"https:\/\/kyrya.es\/#organization"},"potentialAction":[{"@type":"SearchAction","target":{"@type":"EntryPoint","urlTemplate":"https:\/\/kyrya.es\/?s={search_term_string}"},"query-input":{"@type":"PropertyValueSpecification","valueRequired":true,"valueName":"search_term_string"}}],"inLanguage":"fr-FR"},{"@type":"Organization","@id":"https:\/\/kyrya.es\/#organization","name":"Kyrya","url":"https:\/\/kyrya.es\/","logo":{"@type":"ImageObject","inLanguage":"fr-FR","@id":"https:\/\/kyrya.es\/#\/schema\/logo\/image\/","url":"https:\/\/kyrya.es\/wp-content\/uploads\/logo-kyrya.svg","contentUrl":"https:\/\/kyrya.es\/wp-content\/uploads\/logo-kyrya.svg","width":"1280","height":"900","caption":"Kyrya"},"image":{"@id":"https:\/\/kyrya.es\/#\/schema\/logo\/image\/"},"sameAs":["https:\/\/www.facebook.com\/kyrya.es","https:\/\/www.instagram.com\/kyrya.es\/","https:\/\/www.linkedin.com\/company\/kyrya\/","https:\/\/es.pinterest.com\/kyrya_es\/"]},{"@type":"Person","@id":"https:\/\/kyrya.es\/#\/schema\/person\/1b079b63cf56e27ceada31c3a3eee908","name":"David Porta","image":{"@type":"ImageObject","inLanguage":"fr-FR","@id":"https:\/\/secure.gravatar.com\/avatar\/8ae85b48abc870688ba6b473a6219b5fcfff3ec5b8b394dc82b38c3e0e1545bb?s=96&d=mm&r=g","url":"https:\/\/secure.gravatar.com\/avatar\/8ae85b48abc870688ba6b473a6219b5fcfff3ec5b8b394dc82b38c3e0e1545bb?s=96&d=mm&r=g","contentUrl":"https:\/\/secure.gravatar.com\/avatar\/8ae85b48abc870688ba6b473a6219b5fcfff3ec5b8b394dc82b38c3e0e1545bb?s=96&d=mm&r=g","caption":"David Porta"},"sameAs":["http:\/\/kyrya.es"]}]}},"_links":{"self":[{"href":"https:\/\/kyrya.es\/fr\/wp-json\/wp\/v2\/posts\/83078","targetHints":{"allow":["GET"]}}],"collection":[{"href":"https:\/\/kyrya.es\/fr\/wp-json\/wp\/v2\/posts"}],"about":[{"href":"https:\/\/kyrya.es\/fr\/wp-json\/wp\/v2\/types\/post"}],"author":[{"embeddable":true,"href":"https:\/\/kyrya.es\/fr\/wp-json\/wp\/v2\/users\/1912"}],"replies":[{"embeddable":true,"href":"https:\/\/kyrya.es\/fr\/wp-json\/wp\/v2\/comments?post=83078"}],"version-history":[{"count":1,"href":"https:\/\/kyrya.es\/fr\/wp-json\/wp\/v2\/posts\/83078\/revisions"}],"predecessor-version":[{"id":83079,"href":"https:\/\/kyrya.es\/fr\/wp-json\/wp\/v2\/posts\/83078\/revisions\/83079"}],"wp:featuredmedia":[{"embeddable":true,"href":"https:\/\/kyrya.es\/fr\/wp-json\/wp\/v2\/media\/83037"}],"wp:attachment":[{"href":"https:\/\/kyrya.es\/fr\/wp-json\/wp\/v2\/media?parent=83078"}],"wp:term":[{"taxonomy":"category","embeddable":true,"href":"https:\/\/kyrya.es\/fr\/wp-json\/wp\/v2\/categories?post=83078"},{"taxonomy":"post_tag","embeddable":true,"href":"https:\/\/kyrya.es\/fr\/wp-json\/wp\/v2\/tags?post=83078"}],"curies":[{"name":"wp","href":"https:\/\/api.w.org\/{rel}","templated":true}]}}